{"id":3783,"date":"2025-09-17T15:00:00","date_gmt":"2025-09-17T18:00:00","guid":{"rendered":"https:\/\/diariodepernambuco.audiencelabs.com.br\/?p=3783"},"modified":"2025-09-16T11:48:26","modified_gmt":"2025-09-16T14:48:26","slug":"homem-que-comemorou-morte-de-charlie-kirk-recebeu-r-3-milhoes-da-caixa","status":"publish","type":"post","link":"https:\/\/diariodepernambuco.audiencelabs.com.br\/homem-que-comemorou-morte-de-charlie-kirk-recebeu-r-3-milhoes-da-caixa\/","title":{"rendered":"Homem que comemorou morte de Charlie Kirk recebeu R$ 3 milh\u00f5es da Caixa"},"content":{"rendered":"\n<p>O escritor e jornalista Eduardo Bueno, conhecido como Peninha, tem gerado controv\u00e9rsia recentemente por declara\u00e7\u00f5es pol\u00eamicas nas redes sociais. Em um v\u00eddeo recente publicado no Instagram, ele fez coment\u00e1rios ir\u00f4nicos sobre o assassinato do ativista conservador norte-americano Charlie Kirk, gerando ampla repercuss\u00e3o negativa.<\/p>\n\n\n\n<p>&#8220;\u00c9 sempre terr\u00edvel, n\u00e9? Um ativista ser morto por suas ideias, exceto quando \u00e9 o Charlie Kirk. Mataram o Charlie Kirk. Ai, coitado, tomou um tiro, n\u00e3o sei se na cara\u2026 Que bom para as filhas dele, n\u00e9?&#8221;, ironizou o ga\u00facho de 67 anos. O v\u00eddeo foi bastante criticado inclusive por parlamentares brasileiros, que pediram a sua exonera\u00e7\u00e3o do Conselho Editorial do Senado Federal.<\/p>\n\n\n\n<p>Em outro desdobramento da pol\u00eamica, foi noticiado que a Caixa Econ\u00f4mica Federal contratou o historiador para atualizar dois livros de sua autoria sobre o banco, em comemora\u00e7\u00e3o aos 165 anos da institui\u00e7\u00e3o, que ser\u00e3o completados em 12 de janeiro de 2026. O contrato, firmado em janeiro de 2025, tem valor de R$ 3.270.600,00 e n\u00e3o passou por licita\u00e7\u00e3o.<\/p>\n\n\n\n<p>Bueno escreveu \u201cCAIXA Uma Hist\u00f3ria Brasileira\u201d (2002) e \u201cCAIXA 150 anos de uma Hist\u00f3ria Brasileira\u201d (2010). De acordo com publica\u00e7\u00e3o no DOU (Di\u00e1rio Oficial da Uni\u00e3o) de 23 de janeiro deste ano, a atualiza\u00e7\u00e3o das duas obras resultar\u00e1 em \u201cnova edi\u00e7\u00e3o do livro em homenagem aos 165 Anos da empresa e de edi\u00e7\u00e3o bil\u00edngue digital e web s\u00e9rie documental do livro\u201d.<\/p>\n\n\n\n<p>Em nota, a Caixa afirmou que o processo de contrata\u00e7\u00e3o se deu com \u201cinexigibilidade de licita\u00e7\u00e3o por impossibilidade de se estabelecer competi\u00e7\u00e3o\u201d, uma vez que \u201ccabe ao detentor dos direitos autorais a revis\u00e3o e amplia\u00e7\u00e3o da obra\u201d.<\/p>\n\n\n\n<h2 class=\"wp-block-heading\">Veja a nota da Caixa sobre o contrato com Eduardo Bueno<\/h2>\n\n\n\n<p><em>\u201cA CAIXA informa que o jornalista Eduardo Bueno \u00e9 autor de dois livros sobre a hist\u00f3ria da CAIXA, contratados em 2002 e 2010.<\/em><\/p>\n\n\n\n<p><em>Este ano, o escritor foi contratado para atualizar os livros escritos por ele, com previs\u00e3o de entrega em 2026. Al\u00e9m do livro em portugu\u00eas e ingl\u00eas, a contrata\u00e7\u00e3o contempla uma web s\u00e9rie documental baseada na obra, sobre os 165 anos da CAIXA, o fornecimento de exemplares impressos e vers\u00e3o digital e bil\u00edngue do livro em formato de revista eletr\u00f4nica.<\/em><\/p>\n\n\n\n<p><em>Em raz\u00e3o do disposto na Lei 9.610, que regula os direitos autorais, a contrata\u00e7\u00e3o aconteceu com inexigibilidade de de licita\u00e7\u00e3o por impossibilidade de se estabelecer competi\u00e7\u00e3o para essa contrata\u00e7\u00e3o, uma vez que cabe ao detentor dos direitos autorais a revis\u00e3o e amplia\u00e7\u00e3o da obra.<\/em><\/p>\n\n\n\n<p><em>O contrato est\u00e1 em andamento e cumprindo as etapas previstas contratualmente&#8221;.<\/em><\/p>\n","protected":false},"excerpt":{"rendered":"<p>O escritor e jornalista Eduardo Bueno, conhecido como Peninha, tem gerado controv\u00e9rsia recentemente por declara\u00e7\u00f5es pol\u00eamicas nas redes sociais. Em um v\u00eddeo recente publicado no Instagram, ele fez coment\u00e1rios ir\u00f4nicos sobre o assassinato do ativista conservador norte-americano Charlie Kirk, gerando ampla repercuss\u00e3o negativa. &#8220;\u00c9 sempre terr\u00edvel, n\u00e9? Um ativista ser morto por suas ideias, exceto [&hellip;]<\/p>\n","protected":false},"author":4,"featured_media":1790,"comment_status":"open","ping_status":"open","sticky":false,"template":"","format":"standard","meta":{"jnews-multi-image_gallery":[],"jnews_single_post":{"format":"standard"},"jnews_primary_category":[],"jnews_social_meta":[],"jnews_post_split":[],"footnotes":""},"categories":[1],"tags":[],"class_list":["post-3783","post","type-post","status-publish","format-standard","has-post-thumbnail","hentry","category-uncategorized"],"_links":{"self":[{"href":"https:\/\/diariodepernambuco.audiencelabs.com.br\/wp-json\/wp\/v2\/posts\/3783","targetHints":{"allow":["GET"]}}],"collection":[{"href":"https:\/\/diariodepernambuco.audiencelabs.com.br\/wp-json\/wp\/v2\/posts"}],"about":[{"href":"https:\/\/diariodepernambuco.audiencelabs.com.br\/wp-json\/wp\/v2\/types\/post"}],"author":[{"embeddable":true,"href":"https:\/\/diariodepernambuco.audiencelabs.com.br\/wp-json\/wp\/v2\/users\/4"}],"replies":[{"embeddable":true,"href":"https:\/\/diariodepernambuco.audiencelabs.com.br\/wp-json\/wp\/v2\/comments?post=3783"}],"version-history":[{"count":2,"href":"https:\/\/diariodepernambuco.audiencelabs.com.br\/wp-json\/wp\/v2\/posts\/3783\/revisions"}],"predecessor-version":[{"id":3785,"href":"https:\/\/diariodepernambuco.audiencelabs.com.br\/wp-json\/wp\/v2\/posts\/3783\/revisions\/3785"}],"wp:featuredmedia":[{"embeddable":true,"href":"https:\/\/diariodepernambuco.audiencelabs.com.br\/wp-json\/wp\/v2\/media\/1790"}],"wp:attachment":[{"href":"https:\/\/diariodepernambuco.audiencelabs.com.br\/wp-json\/wp\/v2\/media?parent=3783"}],"wp:term":[{"taxonomy":"category","embeddable":true,"href":"https:\/\/diariodepernambuco.audiencelabs.com.br\/wp-json\/wp\/v2\/categories?post=3783"},{"taxonomy":"post_tag","embeddable":true,"href":"https:\/\/diariodepernambuco.audiencelabs.com.br\/wp-json\/wp\/v2\/tags?post=3783"}],"curies":[{"name":"wp","href":"https:\/\/api.w.org\/{rel}","templated":true}]}}