{"id":3808,"date":"2025-09-16T15:41:42","date_gmt":"2025-09-16T18:41:42","guid":{"rendered":"https:\/\/diariodepernambuco.audiencelabs.com.br\/?p=3808"},"modified":"2025-09-16T15:41:44","modified_gmt":"2025-09-16T18:41:44","slug":"grave-vitor-roque-chamou-a-propria-mae-de-interesseira-em-ligacao","status":"publish","type":"post","link":"https:\/\/diariodepernambuco.audiencelabs.com.br\/grave-vitor-roque-chamou-a-propria-mae-de-interesseira-em-ligacao\/","title":{"rendered":"Grave! Vitor Roque chamou a pr\u00f3pria m\u00e3e de interesseira em liga\u00e7\u00e3o"},"content":{"rendered":"\n<p>O atacante Vitor Roque, do Palmeiras, voltou a ser assunto fora dos gramados ap\u00f3s a divulga\u00e7\u00e3o de \u00e1udios pol\u00eamicos envolvendo sua m\u00e3e, Herc\u00edlia. O material, revelado pelo portal LeoDias, faz parte de um processo em andamento entre o jogador e sua ex-esposa, a influenciadora Dayana Lins.<\/p>\n\n\n\n<h3 class=\"wp-block-heading\">Discuss\u00e3o durante per\u00edodo na Espanha<\/h3>\n\n\n\n<p>As grava\u00e7\u00f5es datam da \u00e9poca em que o atleta atuava pelo Real Betis, entre agosto de 2024 e janeiro de 2025. De acordo com pessoas pr\u00f3ximas, Roque costumava sair sem dar satisfa\u00e7\u00e3o durante as folgas, o que preocupava a m\u00e3e. Em uma dessas ocasi\u00f5es, ao ser questionado sobre seu paradeiro, o jogador reagiu de forma r\u00edspida, dirigindo palavras de baixo cal\u00e3o a Herc\u00edlia.<\/p>\n\n\n\n<p>Em um trecho, o atleta dispara: \u201cProblema \u00e9 seu. Deixa de ser fofoqueira. Para de falar merda. Por que voc\u00ea est\u00e1 perguntando da minha vida para os outros?\u201d. A m\u00e3e, emocionada, tenta acalmar a situa\u00e7\u00e3o, mas tamb\u00e9m rebate algumas acusa\u00e7\u00f5es, pedindo a prote\u00e7\u00e3o divina para o filho.<\/p>\n\n\n\n<h3 class=\"wp-block-heading\">Ofensas e acusa\u00e7\u00f5es<\/h3>\n\n\n\n<p>Durante a discuss\u00e3o, Vitor chega a cham\u00e1-la de \u201carrogante\u201d e \u201cinteresseira\u201d, al\u00e9m de acus\u00e1-la de falar dele pelas costas. Herc\u00edlia, por sua vez, nega e afirma ser humilde, contestando as cr\u00edticas. O jogador ainda reclama da falta de contato dos pais, alegando sentir-se negligenciado.<\/p>\n\n\n\n<h3 class=\"wp-block-heading\">Repercuss\u00e3o e posicionamento<\/h3>\n\n\n\n<p>A equipe de comunica\u00e7\u00e3o de Vitor Roque informou que ainda n\u00e3o conseguiu contato com o atleta para confirmar se ele pretende comentar o caso. O espa\u00e7o segue aberto para futuras manifesta\u00e7\u00f5es.<\/p>\n\n\n\n<h3 class=\"wp-block-heading\">Trajet\u00f3ria do atacante<\/h3>\n\n\n\n<p>Revelado pelo Cruzeiro, Roque ganhou destaque no Athletico-PR antes de ser vendido ao Barcelona por mais de 30 milh\u00f5es de euros em 2023. Sem se firmar no clube catal\u00e3o, foi emprestado ao Betis, onde atuou por seis meses. Em 2025, chegou ao Palmeiras em negocia\u00e7\u00e3o de 25 milh\u00f5es de euros. O jogador tamb\u00e9m j\u00e1 vestiu a camisa da Sele\u00e7\u00e3o Brasileira em convoca\u00e7\u00f5es recentes.<\/p>\n","protected":false},"excerpt":{"rendered":"<p>O atacante Vitor Roque, do Palmeiras, voltou a ser assunto fora dos gramados ap\u00f3s a divulga\u00e7\u00e3o de \u00e1udios pol\u00eamicos envolvendo sua m\u00e3e, Herc\u00edlia. O material, revelado pelo portal LeoDias, faz parte de um processo em andamento entre o jogador e sua ex-esposa, a influenciadora Dayana Lins. Discuss\u00e3o durante per\u00edodo na Espanha As grava\u00e7\u00f5es datam da [&hellip;]<\/p>\n","protected":false},"author":7,"featured_media":3810,"comment_status":"open","ping_status":"open","sticky":false,"template":"","format":"standard","meta":{"jnews-multi-image_gallery":[],"jnews_single_post":{"format":"standard"},"jnews_primary_category":[],"jnews_social_meta":[],"jnews_post_split":[],"footnotes":""},"categories":[1],"tags":[],"class_list":["post-3808","post","type-post","status-publish","format-standard","has-post-thumbnail","hentry","category-uncategorized"],"_links":{"self":[{"href":"https:\/\/diariodepernambuco.audiencelabs.com.br\/wp-json\/wp\/v2\/posts\/3808","targetHints":{"allow":["GET"]}}],"collection":[{"href":"https:\/\/diariodepernambuco.audiencelabs.com.br\/wp-json\/wp\/v2\/posts"}],"about":[{"href":"https:\/\/diariodepernambuco.audiencelabs.com.br\/wp-json\/wp\/v2\/types\/post"}],"author":[{"embeddable":true,"href":"https:\/\/diariodepernambuco.audiencelabs.com.br\/wp-json\/wp\/v2\/users\/7"}],"replies":[{"embeddable":true,"href":"https:\/\/diariodepernambuco.audiencelabs.com.br\/wp-json\/wp\/v2\/comments?post=3808"}],"version-history":[{"count":1,"href":"https:\/\/diariodepernambuco.audiencelabs.com.br\/wp-json\/wp\/v2\/posts\/3808\/revisions"}],"predecessor-version":[{"id":3809,"href":"https:\/\/diariodepernambuco.audiencelabs.com.br\/wp-json\/wp\/v2\/posts\/3808\/revisions\/3809"}],"wp:featuredmedia":[{"embeddable":true,"href":"https:\/\/diariodepernambuco.audiencelabs.com.br\/wp-json\/wp\/v2\/media\/3810"}],"wp:attachment":[{"href":"https:\/\/diariodepernambuco.audiencelabs.com.br\/wp-json\/wp\/v2\/media?parent=3808"}],"wp:term":[{"taxonomy":"category","embeddable":true,"href":"https:\/\/diariodepernambuco.audiencelabs.com.br\/wp-json\/wp\/v2\/categories?post=3808"},{"taxonomy":"post_tag","embeddable":true,"href":"https:\/\/diariodepernambuco.audiencelabs.com.br\/wp-json\/wp\/v2\/tags?post=3808"}],"curies":[{"name":"wp","href":"https:\/\/api.w.org\/{rel}","templated":true}]}}