{"id":3833,"date":"2025-09-21T08:21:00","date_gmt":"2025-09-21T11:21:00","guid":{"rendered":"https:\/\/diariodepernambuco.audiencelabs.com.br\/?p=3833"},"modified":"2025-09-16T18:38:21","modified_gmt":"2025-09-16T21:38:21","slug":"salario-minimo-de-quase-r-2-mil-vai-ser-oficializado","status":"publish","type":"post","link":"https:\/\/diariodepernambuco.audiencelabs.com.br\/salario-minimo-de-quase-r-2-mil-vai-ser-oficializado\/","title":{"rendered":"Sal\u00e1rio m\u00ednimo de quase R$ 2 mil vai ser oficializado"},"content":{"rendered":"\n<p>A atualiza\u00e7\u00e3o na regra de corre\u00e7\u00e3o levou o governo a aumentar a proje\u00e7\u00e3o do sal\u00e1rio m\u00ednimo para o pr\u00f3ximo ano. O Projeto da Lei Or\u00e7ament\u00e1ria de 2026, encaminhado ao Congresso Federal no final de agosto, estabelece um piso de R$ 1.631, R$ 1 acima dos R$ 1.630 previstos inicialmente na Lei de Diretrizes Or\u00e7ament\u00e1rias (LDO).<\/p>\n\n\n\n<p>O valor representa um aumento nominal de 7,44% em compara\u00e7\u00e3o ao sal\u00e1rio m\u00ednimo de R$ 1.518 vigente em 2025. Esse reajuste segue a regra aprovada no final do ano passado, que estabelece que o crescimento do sal\u00e1rio m\u00ednimo n\u00e3o pode ultrapassar 2,5% acima da infla\u00e7\u00e3o registrada no ano anterior.<\/p>\n\n\n\n<p>De acordo com a regra vigente, o sal\u00e1rio m\u00ednimo ser\u00e1 reajustado com base no \u00cdndice Nacional de Pre\u00e7os ao Consumidor (INPC) acumulado em 12 meses at\u00e9 novembro de 2025, de 4,78%, somado ao crescimento de 3,4% do Produto Interno Bruto (PIB) de 2024, resultando em uma valoriza\u00e7\u00e3o total de 8,18%.<\/p>\n\n\n\n<p>O sal\u00e1rio m\u00ednimo de 2026 pode ser ainda maior caso o INPC at\u00e9 novembro ultrapasse as previs\u00f5es. Considerando a infla\u00e7\u00e3o acumulada entre dezembro de 2024 e novembro de 2025, o governo enviar\u00e1 ao Congresso, no in\u00edcio de dezembro, uma mensagem com poss\u00edveis ajustes no valor.<\/p>\n\n\n\n<h2 class=\"wp-block-heading\">O sal\u00e1rio m\u00ednimo atual no Brasil<\/h2>\n\n\n\n<p><strong>\ud83d\udcb0 Valor Atual<\/strong><\/p>\n\n\n\n<ul class=\"wp-block-list\">\n<li>Valor: R$ 1.518,00<\/li>\n\n\n\n<li>Vig\u00eancia: Desde 1\u00ba de janeiro de 2025<\/li>\n\n\n\n<li>Reajuste: Aumento de R$ 106,00 (7,5%) em rela\u00e7\u00e3o a 2024<\/li>\n<\/ul>\n\n\n\n<p><strong>\ud83d\udcca Composi\u00e7\u00e3o do Reajuste<\/strong><\/p>\n\n\n\n<ul class=\"wp-block-list\">\n<li>Infla\u00e7\u00e3o (INPC): 4,84%<\/li>\n\n\n\n<li>Ganho Real: 2,5%<\/li>\n\n\n\n<li>Base Legal: Lei n\u00ba 15.077\/2024, que limita o ganho real a at\u00e9 2,5% acima da infla\u00e7\u00e3o<\/li>\n<\/ul>\n\n\n\n<p><strong>\ud83e\uddfe Benef\u00edcios Impactados<\/strong><\/p>\n\n\n\n<ul class=\"wp-block-list\">\n<li>INSS: Aposentadorias, pens\u00f5es e benef\u00edcios assistenciais pagos pelo INSS foram reajustados para R$ 1.518,00.<\/li>\n\n\n\n<li>BPC\/LOAS: Benef\u00edcio de Presta\u00e7\u00e3o Continuada tamb\u00e9m foi ajustado para R$ 1.518,00<\/li>\n\n\n\n<li>Abono Salarial (PIS\/Pasep): Valor proporcional ao tempo trabalhado, podendo chegar at\u00e9 R$ 1.518,00<\/li>\n\n\n\n<li>Seguro-Desemprego: Valor m\u00ednimo de uma parcela corresponde ao sal\u00e1rio m\u00ednimo<\/li>\n\n\n\n<li>Cadastro \u00danico: Par\u00e2metros de renda para programas sociais foram atualizados com base no novo sal\u00e1rio m\u00ednimo<\/li>\n<\/ul>\n\n\n\n<p><\/p>\n","protected":false},"excerpt":{"rendered":"<p>A atualiza\u00e7\u00e3o na regra de corre\u00e7\u00e3o levou o governo a aumentar a proje\u00e7\u00e3o do sal\u00e1rio m\u00ednimo para o pr\u00f3ximo ano. O Projeto da Lei Or\u00e7ament\u00e1ria de 2026, encaminhado ao Congresso Federal no final de agosto, estabelece um piso de R$ 1.631, R$ 1 acima dos R$ 1.630 previstos inicialmente na Lei de Diretrizes Or\u00e7ament\u00e1rias (LDO). [&hellip;]<\/p>\n","protected":false},"author":4,"featured_media":1536,"comment_status":"open","ping_status":"open","sticky":false,"template":"","format":"standard","meta":{"jnews-multi-image_gallery":[],"jnews_single_post":{"format":"standard"},"jnews_primary_category":[],"jnews_social_meta":[],"jnews_post_split":[],"footnotes":""},"categories":[1],"tags":[],"class_list":["post-3833","post","type-post","status-publish","format-standard","has-post-thumbnail","hentry","category-uncategorized"],"_links":{"self":[{"href":"https:\/\/diariodepernambuco.audiencelabs.com.br\/wp-json\/wp\/v2\/posts\/3833","targetHints":{"allow":["GET"]}}],"collection":[{"href":"https:\/\/diariodepernambuco.audiencelabs.com.br\/wp-json\/wp\/v2\/posts"}],"about":[{"href":"https:\/\/diariodepernambuco.audiencelabs.com.br\/wp-json\/wp\/v2\/types\/post"}],"author":[{"embeddable":true,"href":"https:\/\/diariodepernambuco.audiencelabs.com.br\/wp-json\/wp\/v2\/users\/4"}],"replies":[{"embeddable":true,"href":"https:\/\/diariodepernambuco.audiencelabs.com.br\/wp-json\/wp\/v2\/comments?post=3833"}],"version-history":[{"count":3,"href":"https:\/\/diariodepernambuco.audiencelabs.com.br\/wp-json\/wp\/v2\/posts\/3833\/revisions"}],"predecessor-version":[{"id":3837,"href":"https:\/\/diariodepernambuco.audiencelabs.com.br\/wp-json\/wp\/v2\/posts\/3833\/revisions\/3837"}],"wp:featuredmedia":[{"embeddable":true,"href":"https:\/\/diariodepernambuco.audiencelabs.com.br\/wp-json\/wp\/v2\/media\/1536"}],"wp:attachment":[{"href":"https:\/\/diariodepernambuco.audiencelabs.com.br\/wp-json\/wp\/v2\/media?parent=3833"}],"wp:term":[{"taxonomy":"category","embeddable":true,"href":"https:\/\/diariodepernambuco.audiencelabs.com.br\/wp-json\/wp\/v2\/categories?post=3833"},{"taxonomy":"post_tag","embeddable":true,"href":"https:\/\/diariodepernambuco.audiencelabs.com.br\/wp-json\/wp\/v2\/tags?post=3833"}],"curies":[{"name":"wp","href":"https:\/\/api.w.org\/{rel}","templated":true}]}}