{"id":3838,"date":"2025-09-21T09:22:00","date_gmt":"2025-09-21T12:22:00","guid":{"rendered":"https:\/\/diariodepernambuco.audiencelabs.com.br\/?p=3838"},"modified":"2025-09-16T18:56:29","modified_gmt":"2025-09-16T21:56:29","slug":"quais-sao-os-direitos-de-um-funcionario-demitido-aos-65-anos-apos-solicitar-a-aposentadoria","status":"publish","type":"post","link":"https:\/\/diariodepernambuco.audiencelabs.com.br\/quais-sao-os-direitos-de-um-funcionario-demitido-aos-65-anos-apos-solicitar-a-aposentadoria\/","title":{"rendered":"Quais s\u00e3o os direitos de um funcion\u00e1rio demitido aos 65 anos ap\u00f3s solicitar a aposentadoria?"},"content":{"rendered":"\n<p>A demiss\u00e3o de um trabalhador que j\u00e1 completou 65 anos e solicitou a aposentadoria levanta uma s\u00e9rie de d\u00favidas sobre seus direitos trabalhistas e previdenci\u00e1rios. Nessa situa\u00e7\u00e3o, \u00e9 importante entender quais verbas rescis\u00f3rias ainda s\u00e3o devidas, como ficam os benef\u00edcios do INSS e se existe algum tipo de prote\u00e7\u00e3o legal contra a dispensa.<\/p>\n\n\n\n<p>Esse tema envolve tanto a legisla\u00e7\u00e3o trabalhista quanto as regras previdenci\u00e1rias, sendo fundamental esclarecer ao empregado quais garantias permanecem e quais deixam de existir ap\u00f3s o pedido de aposentadoria.<\/p>\n\n\n\n<p>Ap\u00f3s solicitar a aposentadoria, o trabalhador que for demitido mant\u00e9m o direito a receber todas as verbas rescis\u00f3rias previstas em lei, como saldo de sal\u00e1rio, f\u00e9rias vencidas e proporcionais acrescidas de 1\/3, 13\u00ba sal\u00e1rio proporcional e libera\u00e7\u00e3o do FGTS, al\u00e9m da multa de 40% sobre o saldo do fundo, caso a dispensa seja sem justa causa.<\/p>\n\n\n\n<p>Por outro lado, a aposentadoria n\u00e3o garante estabilidade no emprego, ou seja, o empregador pode realizar a rescis\u00e3o contratual normalmente, desde que cumpra as obriga\u00e7\u00f5es legais. Do ponto de vista previdenci\u00e1rio, a aposentadoria j\u00e1 concedida n\u00e3o \u00e9 afetada pela demiss\u00e3o: o benef\u00edcio continuar\u00e1 sendo pago mensalmente pelo INSS, independentemente da situa\u00e7\u00e3o do v\u00ednculo empregat\u00edcio.<\/p>\n\n\n\n<p>Isso significa que o trabalhador passar\u00e1 a contar com a renda da aposentadoria somada \u00e0s verbas rescis\u00f3rias, mas n\u00e3o ter\u00e1 direito, por exemplo, ao seguro-desemprego, j\u00e1 que a legisla\u00e7\u00e3o exclui esse benef\u00edcio para quem recebe aposentadoria.<\/p>\n\n\n\n<h2 class=\"wp-block-heading\">Principais regras atuais de aposentadoria<\/h2>\n\n\n\n<ol class=\"wp-block-list\">\n<li>Idade m\u00ednima + tempo de contribui\u00e7\u00e3o (regra geral)<\/li>\n<\/ol>\n\n\n\n<ul class=\"wp-block-list\">\n<li>Mulheres: 62 anos de idade + 15 anos de contribui\u00e7\u00e3o.<\/li>\n\n\n\n<li>Homens: 65 anos de idade + 20 anos de contribui\u00e7\u00e3o.<\/li>\n<\/ul>\n\n\n\n<ol start=\"2\" class=\"wp-block-list\">\n<li>Regras de transi\u00e7\u00e3o<\/li>\n<\/ol>\n\n\n\n<ul class=\"wp-block-list\">\n<li>Para quem j\u00e1 estava contribuindo antes da reforma, h\u00e1 op\u00e7\u00f5es \u201cde transi\u00e7\u00e3o\u201d que permitem se aposentar com requisitos intermedi\u00e1rios, com idade ou tempo exigidos menores ou combinados. Exemplos: regra de pontos, ped\u00e1gio.<\/li>\n<\/ul>\n\n\n\n<ol start=\"3\" class=\"wp-block-list\">\n<li>Regra de pontos (transi\u00e7\u00e3o por pontos)<\/li>\n<\/ol>\n\n\n\n<ul class=\"wp-block-list\">\n<li>Soma-se a idade + tempo de contribui\u00e7\u00e3o; para mulheres, em 2025, esse somat\u00f3rio exigido ser\u00e1 92 pontos; para homens, 102 pontos. Al\u00e9m disso, exige-se tempo m\u00ednimo de contribui\u00e7\u00e3o: 30 anos para mulheres, 35 anos para homens.<\/li>\n<\/ul>\n\n\n\n<ol start=\"4\" class=\"wp-block-list\">\n<li>Regra de idade m\u00ednima progressiva + tempo de contribui\u00e7\u00e3o<\/li>\n<\/ol>\n\n\n\n<ul class=\"wp-block-list\">\n<li>Para mulheres e homens haver\u00e1 idade m\u00ednima \u201cescalonada\u201d que vai aumentando gradualmente at\u00e9 2031, quando ser\u00e1 de 62 anos para mulheres e 65 para homens, desde que cumprido o tempo m\u00ednimo de contribui\u00e7\u00e3o.<\/li>\n<\/ul>\n\n\n\n<ol start=\"5\" class=\"wp-block-list\">\n<li>Aposentadoria por idade (modo permanente)<\/li>\n<\/ol>\n\n\n\n<ul class=\"wp-block-list\">\n<li>Mesmo quem n\u00e3o atingiu tempo de contribui\u00e7\u00e3o longo ou pontos suficientes pode se aposentar pela idade m\u00ednima + car\u00eancia. Car\u00eancia = 180 meses de contribui\u00e7\u00e3o (15 anos).<\/li>\n<\/ul>\n\n\n\n<ol start=\"6\" class=\"wp-block-list\">\n<li>Regras especiais para professores<\/li>\n<\/ol>\n\n\n\n<ul class=\"wp-block-list\">\n<li>Professores t\u00eam regras diferenciadas de transi\u00e7\u00e3o, com exig\u00eancia menor de tempo de contribui\u00e7\u00e3o em magist\u00e9rio, e pontua\u00e7\u00e3o menor para regras de pontos. Exemplo: em 2025, mulheres professoras precisam de 25 anos em magist\u00e9rio + 87 pontos; homens, 30 anos + 97 pontos.<\/li>\n<\/ul>\n\n\n\n<p><\/p>\n","protected":false},"excerpt":{"rendered":"<p>A demiss\u00e3o de um trabalhador que j\u00e1 completou 65 anos e solicitou a aposentadoria levanta uma s\u00e9rie de d\u00favidas sobre seus direitos trabalhistas e previdenci\u00e1rios. Nessa situa\u00e7\u00e3o, \u00e9 importante entender quais verbas rescis\u00f3rias ainda s\u00e3o devidas, como ficam os benef\u00edcios do INSS e se existe algum tipo de prote\u00e7\u00e3o legal contra a dispensa. Esse tema [&hellip;]<\/p>\n","protected":false},"author":4,"featured_media":790,"comment_status":"open","ping_status":"open","sticky":false,"template":"","format":"standard","meta":{"jnews-multi-image_gallery":[],"jnews_single_post":{"format":"standard"},"jnews_primary_category":[],"jnews_social_meta":[],"jnews_post_split":[],"footnotes":""},"categories":[1],"tags":[],"class_list":["post-3838","post","type-post","status-publish","format-standard","has-post-thumbnail","hentry","category-uncategorized"],"_links":{"self":[{"href":"https:\/\/diariodepernambuco.audiencelabs.com.br\/wp-json\/wp\/v2\/posts\/3838","targetHints":{"allow":["GET"]}}],"collection":[{"href":"https:\/\/diariodepernambuco.audiencelabs.com.br\/wp-json\/wp\/v2\/posts"}],"about":[{"href":"https:\/\/diariodepernambuco.audiencelabs.com.br\/wp-json\/wp\/v2\/types\/post"}],"author":[{"embeddable":true,"href":"https:\/\/diariodepernambuco.audiencelabs.com.br\/wp-json\/wp\/v2\/users\/4"}],"replies":[{"embeddable":true,"href":"https:\/\/diariodepernambuco.audiencelabs.com.br\/wp-json\/wp\/v2\/comments?post=3838"}],"version-history":[{"count":2,"href":"https:\/\/diariodepernambuco.audiencelabs.com.br\/wp-json\/wp\/v2\/posts\/3838\/revisions"}],"predecessor-version":[{"id":3840,"href":"https:\/\/diariodepernambuco.audiencelabs.com.br\/wp-json\/wp\/v2\/posts\/3838\/revisions\/3840"}],"wp:featuredmedia":[{"embeddable":true,"href":"https:\/\/diariodepernambuco.audiencelabs.com.br\/wp-json\/wp\/v2\/media\/790"}],"wp:attachment":[{"href":"https:\/\/diariodepernambuco.audiencelabs.com.br\/wp-json\/wp\/v2\/media?parent=3838"}],"wp:term":[{"taxonomy":"category","embeddable":true,"href":"https:\/\/diariodepernambuco.audiencelabs.com.br\/wp-json\/wp\/v2\/categories?post=3838"},{"taxonomy":"post_tag","embeddable":true,"href":"https:\/\/diariodepernambuco.audiencelabs.com.br\/wp-json\/wp\/v2\/tags?post=3838"}],"curies":[{"name":"wp","href":"https:\/\/api.w.org\/{rel}","templated":true}]}}