{"id":3841,"date":"2025-09-21T11:24:00","date_gmt":"2025-09-21T14:24:00","guid":{"rendered":"https:\/\/diariodepernambuco.audiencelabs.com.br\/?p=3841"},"modified":"2025-09-19T16:46:52","modified_gmt":"2025-09-19T19:46:52","slug":"alunos-que-nao-faltam-aulas-podem-ganhar-r-200","status":"publish","type":"post","link":"https:\/\/diariodepernambuco.audiencelabs.com.br\/alunos-que-nao-faltam-aulas-podem-ganhar-r-200\/","title":{"rendered":"Alunos que n\u00e3o faltam aulas podem ganhar R$ 200"},"content":{"rendered":"\n<p>O governo federal lan\u00e7ou o programa P\u00e9-de-Meia, uma iniciativa que busca incentivar a perman\u00eancia de jovens no ensino m\u00e9dio por meio de benef\u00edcios financeiros. Entre as medidas, destaca-se o pagamento de at\u00e9 R$ 200 mensais para estudantes que mant\u00eam a frequ\u00eancia escolar, sem faltas injustificadas. A proposta tem como objetivo reduzir a evas\u00e3o escolar e apoiar fam\u00edlias de baixa renda.<\/p>\n\n\n\n<p>O benef\u00edcio \u00e9 depositado em conta poupan\u00e7a aberta em nome do estudante e pode ser movimentado de acordo com as regras do programa. Al\u00e9m da ajuda mensal, o P\u00e9-de-Meia prev\u00ea b\u00f4nus por matr\u00edcula no in\u00edcio do ano letivo e pela conclus\u00e3o de cada etapa do ensino m\u00e9dio, o que pode aumentar ainda mais o valor acumulado ao longo do curso.<\/p>\n\n\n\n<p>Para participar, \u00e9 necess\u00e1rio estar regularmente matriculado em escola p\u00fablica, ter frequ\u00eancia m\u00ednima exigida e pertencer a fam\u00edlias inscritas no Cadastro \u00danico para Programas Sociais (Cad\u00danico). Dessa forma, o governo busca n\u00e3o apenas garantir a presen\u00e7a dos jovens em sala de aula, mas tamb\u00e9m criar um est\u00edmulo concreto para que eles concluam a educa\u00e7\u00e3o b\u00e1sica.<\/p>\n\n\n\n<p>Na pr\u00e1tica, o programa funciona como uma esp\u00e9cie de poupan\u00e7a estudantil, que acompanha o jovem durante todo o ensino m\u00e9dio. Ao final dos tr\u00eas anos, caso o aluno cumpra todos os requisitos, o valor total acumulado pode representar um suporte financeiro importante para novos projetos, como ingressar no ensino superior, investir em cursos profissionalizantes ou mesmo ajudar no or\u00e7amento familiar.<\/p>\n\n\n\n<h2 class=\"wp-block-heading\">Tudo sobre o programa P\u00e9-de-Meia<\/h2>\n\n\n\n<p>\ud83c\udf93 Objetivo: Incentivar a perman\u00eancia de jovens no ensino m\u00e9dio e reduzir a evas\u00e3o escolar.<\/p>\n\n\n\n<p>\ud83d\udcb0 Benef\u00edcio mensal: Estudantes podem receber at\u00e9 R$ 200 por m\u00eas se mantiverem frequ\u00eancia adequada \u00e0s aulas.<\/p>\n\n\n\n<p>\ud83d\udcda P\u00fablico-alvo: Alunos do ensino m\u00e9dio da rede p\u00fablica, prioritariamente de fam\u00edlias de baixa renda inscritas no Cad\u00danico.<\/p>\n\n\n\n<p>\u2705 Crit\u00e9rios: N\u00e3o ter faltas injustificadas e cumprir requisitos de participa\u00e7\u00e3o em atividades escolares.<\/p>\n\n\n\n<p>\ud83d\udcc8 Impacto esperado: Apoiar financeiramente estudantes e suas fam\u00edlias, promovendo mais chances de conclus\u00e3o do ensino m\u00e9dio.<\/p>\n\n\n\n<p>\ud83c\udfe6 Forma de pagamento: Dep\u00f3sitos mensais em conta, vinculados ao CPF do estudante.<\/p>\n\n\n\n<p>\ud83d\udd04 Complemento de outras pol\u00edticas: O programa se soma a iniciativas como o Bolsa Fam\u00edlia, ampliando o suporte \u00e0 educa\u00e7\u00e3o.<\/p>\n\n\n\n<p><\/p>\n","protected":false},"excerpt":{"rendered":"<p>O governo federal lan\u00e7ou o programa P\u00e9-de-Meia, uma iniciativa que busca incentivar a perman\u00eancia de jovens no ensino m\u00e9dio por meio de benef\u00edcios financeiros. Entre as medidas, destaca-se o pagamento de at\u00e9 R$ 200 mensais para estudantes que mant\u00eam a frequ\u00eancia escolar, sem faltas injustificadas. A proposta tem como objetivo reduzir a evas\u00e3o escolar e [&hellip;]<\/p>\n","protected":false},"author":4,"featured_media":654,"comment_status":"open","ping_status":"open","sticky":false,"template":"","format":"standard","meta":{"jnews-multi-image_gallery":[],"jnews_single_post":{"format":"standard"},"jnews_primary_category":[],"jnews_social_meta":[],"jnews_post_split":[],"footnotes":""},"categories":[1],"tags":[],"class_list":["post-3841","post","type-post","status-publish","format-standard","has-post-thumbnail","hentry","category-uncategorized"],"_links":{"self":[{"href":"https:\/\/diariodepernambuco.audiencelabs.com.br\/wp-json\/wp\/v2\/posts\/3841","targetHints":{"allow":["GET"]}}],"collection":[{"href":"https:\/\/diariodepernambuco.audiencelabs.com.br\/wp-json\/wp\/v2\/posts"}],"about":[{"href":"https:\/\/diariodepernambuco.audiencelabs.com.br\/wp-json\/wp\/v2\/types\/post"}],"author":[{"embeddable":true,"href":"https:\/\/diariodepernambuco.audiencelabs.com.br\/wp-json\/wp\/v2\/users\/4"}],"replies":[{"embeddable":true,"href":"https:\/\/diariodepernambuco.audiencelabs.com.br\/wp-json\/wp\/v2\/comments?post=3841"}],"version-history":[{"count":2,"href":"https:\/\/diariodepernambuco.audiencelabs.com.br\/wp-json\/wp\/v2\/posts\/3841\/revisions"}],"predecessor-version":[{"id":3843,"href":"https:\/\/diariodepernambuco.audiencelabs.com.br\/wp-json\/wp\/v2\/posts\/3841\/revisions\/3843"}],"wp:featuredmedia":[{"embeddable":true,"href":"https:\/\/diariodepernambuco.audiencelabs.com.br\/wp-json\/wp\/v2\/media\/654"}],"wp:attachment":[{"href":"https:\/\/diariodepernambuco.audiencelabs.com.br\/wp-json\/wp\/v2\/media?parent=3841"}],"wp:term":[{"taxonomy":"category","embeddable":true,"href":"https:\/\/diariodepernambuco.audiencelabs.com.br\/wp-json\/wp\/v2\/categories?post=3841"},{"taxonomy":"post_tag","embeddable":true,"href":"https:\/\/diariodepernambuco.audiencelabs.com.br\/wp-json\/wp\/v2\/tags?post=3841"}],"curies":[{"name":"wp","href":"https:\/\/api.w.org\/{rel}","templated":true}]}}