{"id":3850,"date":"2025-09-21T12:11:00","date_gmt":"2025-09-21T15:11:00","guid":{"rendered":"https:\/\/diariodepernambuco.audiencelabs.com.br\/?p=3850"},"modified":"2025-09-19T16:46:43","modified_gmt":"2025-09-19T19:46:43","slug":"quais-profissoes-que-dao-direito-a-se-aposentar-em-2025","status":"publish","type":"post","link":"https:\/\/diariodepernambuco.audiencelabs.com.br\/quais-profissoes-que-dao-direito-a-se-aposentar-em-2025\/","title":{"rendered":"Quais profiss\u00f5es que d\u00e3o direito a se aposentar em 2025?"},"content":{"rendered":"\n<p>A aposentadoria especial \u00e9 um benef\u00edcio concedido a trabalhadores que exercem atividades em condi\u00e7\u00f5es que oferecem riscos \u00e0 sa\u00fade ou \u00e0 integridade f\u00edsica. Em 2025, algumas profiss\u00f5es continuam a ter direito a esse tipo de aposentadoria, garantindo a redu\u00e7\u00e3o do tempo de contribui\u00e7\u00e3o em compara\u00e7\u00e3o \u00e0s regras tradicionais.<\/p>\n\n\n\n<p>O objetivo \u00e9 reconhecer o esfor\u00e7o e a exposi\u00e7\u00e3o a agentes nocivos enfrentados por esses profissionais ao longo da carreira, assegurando uma prote\u00e7\u00e3o previdenci\u00e1ria mais justa. Entre as profiss\u00f5es que costumam ter direito \u00e0 aposentadoria especial est\u00e3o aquelas ligadas \u00e0 sa\u00fade, como m\u00e9dicos, enfermeiros, t\u00e9cnicos de enfermagem e dentistas, que est\u00e3o constantemente expostos a agentes biol\u00f3gicos.<\/p>\n\n\n\n<p>Tamb\u00e9m se enquadram trabalhadores da ind\u00fastria, como metal\u00fargicos, soldadores, qu\u00edmicos e mineiros, cujas fun\u00e7\u00f5es envolvem contato direto com agentes qu\u00edmicos, f\u00edsicos ou condi\u00e7\u00f5es insalubres. Al\u00e9m disso, eletricistas que atuam com alta tens\u00e3o e vigilantes armados tamb\u00e9m podem se beneficiar, desde que comprovem o risco inerente \u00e0s suas atividades.<\/p>\n\n\n\n<p>Em todos os casos, \u00e9 necess\u00e1rio apresentar documentos como o Perfil Profissiogr\u00e1fico Previdenci\u00e1rio (PPP) e o Laudo T\u00e9cnico de Condi\u00e7\u00f5es Ambientais de Trabalho (LTCAT), que comprovam a exposi\u00e7\u00e3o a agentes nocivos. Dessa forma, o trabalhador garante o reconhecimento de seus direitos perante o INSS e pode antecipar sua aposentadoria em rela\u00e7\u00e3o \u00e0s regras comuns.<\/p>\n\n\n\n<h2 class=\"wp-block-heading\">As profiss\u00f5es que garantem aposentadoria especial em 2025<\/h2>\n\n\n\n<ul class=\"wp-block-list\">\n<li>Aerovi\u00e1rio;<\/li>\n\n\n\n<li>Aerovi\u00e1rio de Servi\u00e7o de Pista;<\/li>\n\n\n\n<li>Auxiliar de Enfermeiro, de Tinturaria;<\/li>\n\n\n\n<li>Bombeiro;<\/li>\n\n\n\n<li>Cirurgi\u00e3o;<\/li>\n\n\n\n<li>Cortador Gr\u00e1fico;<\/li>\n\n\n\n<li>Cirurgi\u00e3o dentista;<\/li>\n\n\n\n<li>Dentista;<\/li>\n\n\n\n<li>Eletricista (acima de 250 volts);<\/li>\n\n\n\n<li>Enfermeiro;<\/li>\n\n\n\n<li>Engenheiros qu\u00edmicos, metal\u00fargicos e de minas;<\/li>\n\n\n\n<li>Escafandrista;<\/li>\n\n\n\n<li>Estivador;<\/li>\n\n\n\n<li>Foguista;<\/li>\n\n\n\n<li>Qu\u00edmicos industriais, toxicologistas;<\/li>\n\n\n\n<li>Gr\u00e1fico;<\/li>\n\n\n\n<li>Jornalista;<\/li>\n\n\n\n<li>Maquinista de Trem;<\/li>\n\n\n\n<li>M\u00e9dico;<\/li>\n\n\n\n<li>Mergulhador;<\/li>\n\n\n\n<li>Metal\u00fargico;<\/li>\n\n\n\n<li>Mineiros de superf\u00edcie;<\/li>\n\n\n\n<li>Motorista de \u00f4nibus;<\/li>\n\n\n\n<li>Motorista de Caminh\u00e3o (acima de 4.000 toneladas);<\/li>\n\n\n\n<li>T\u00e9cnico em laborat\u00f3rios de an\u00e1lise e laborat\u00f3rios qu\u00edmicos;<\/li>\n\n\n\n<li>T\u00e9cnico de radioatividade;<\/li>\n\n\n\n<li>Trabalhadores em extra\u00e7\u00e3o de petr\u00f3leo;<\/li>\n\n\n\n<li>Transporte ferrovi\u00e1rio;<\/li>\n\n\n\n<li>Transporte urbano e rodovi\u00e1rio;<\/li>\n\n\n\n<li>Tratorista (Grande Porte);<\/li>\n\n\n\n<li>Operador de Caldeira, de Raios-X e de C\u00e2mara;<\/li>\n\n\n\n<li>Servi\u00e7os Gerais e auxiliares que trabalham condi\u00e7\u00f5es insalubres;<\/li>\n\n\n\n<li>Extrator de F\u00f3sforo Branco e Extrator de Merc\u00fario;<\/li>\n\n\n\n<li>Fabricante de Tinta;<\/li>\n\n\n\n<li>Fundidor de Chumbo;<\/li>\n\n\n\n<li>Laminador de Chumbo;<\/li>\n\n\n\n<li>Moldador de Chumbo;<\/li>\n\n\n\n<li>Trabalhador em T\u00fanel ou Galeria Alagada;<\/li>\n\n\n\n<li>Trabalhadores permanentes em locais de subsolo, afastados das frentes de trabalho;<\/li>\n\n\n\n<li>Carregador de Explosivos;<\/li>\n\n\n\n<li>Encarregado de Fogo;<\/li>\n\n\n\n<li>Britador;<\/li>\n\n\n\n<li>Carregador de Rochas;<\/li>\n\n\n\n<li>Cavouqueiro;<\/li>\n\n\n\n<li>Choqueiro;<\/li>\n\n\n\n<li>Mineiros no subsolo \u2013 ou seja, atuando no subterr\u00e2neo e em frente de produ\u00e7\u00e3o;<\/li>\n\n\n\n<li>Operador de britadeira de rocha subterr\u00e2nea;<\/li>\n\n\n\n<li>Perfurador de Rochas em Cavernas;<\/li>\n\n\n\n<li>Vigilantes (armados ou n\u00e3o); (ainda pendente de julgamento no STF \u2013 tema 1209)<\/li>\n\n\n\n<li>Engenheiro civil;<\/li>\n\n\n\n<li>Engenharia de petr\u00f3leo e g\u00e1s;<\/li>\n\n\n\n<li>Regras para trabalhadores em cozinha;<\/li>\n\n\n\n<li>Policial (possui regras diferentes dessa);<\/li>\n\n\n\n<li>Soldadores;<\/li>\n\n\n\n<li>Entre outras.<\/li>\n<\/ul>\n","protected":false},"excerpt":{"rendered":"<p>A aposentadoria especial \u00e9 um benef\u00edcio concedido a trabalhadores que exercem atividades em condi\u00e7\u00f5es que oferecem riscos \u00e0 sa\u00fade ou \u00e0 integridade f\u00edsica. Em 2025, algumas profiss\u00f5es continuam a ter direito a esse tipo de aposentadoria, garantindo a redu\u00e7\u00e3o do tempo de contribui\u00e7\u00e3o em compara\u00e7\u00e3o \u00e0s regras tradicionais. O objetivo \u00e9 reconhecer o esfor\u00e7o e [&hellip;]<\/p>\n","protected":false},"author":4,"featured_media":3854,"comment_status":"open","ping_status":"open","sticky":false,"template":"","format":"standard","meta":{"jnews-multi-image_gallery":[],"jnews_single_post":{"format":"standard"},"jnews_primary_category":[],"jnews_social_meta":[],"jnews_post_split":[],"footnotes":""},"categories":[1],"tags":[],"class_list":["post-3850","post","type-post","status-publish","format-standard","has-post-thumbnail","hentry","category-uncategorized"],"_links":{"self":[{"href":"https:\/\/diariodepernambuco.audiencelabs.com.br\/wp-json\/wp\/v2\/posts\/3850","targetHints":{"allow":["GET"]}}],"collection":[{"href":"https:\/\/diariodepernambuco.audiencelabs.com.br\/wp-json\/wp\/v2\/posts"}],"about":[{"href":"https:\/\/diariodepernambuco.audiencelabs.com.br\/wp-json\/wp\/v2\/types\/post"}],"author":[{"embeddable":true,"href":"https:\/\/diariodepernambuco.audiencelabs.com.br\/wp-json\/wp\/v2\/users\/4"}],"replies":[{"embeddable":true,"href":"https:\/\/diariodepernambuco.audiencelabs.com.br\/wp-json\/wp\/v2\/comments?post=3850"}],"version-history":[{"count":2,"href":"https:\/\/diariodepernambuco.audiencelabs.com.br\/wp-json\/wp\/v2\/posts\/3850\/revisions"}],"predecessor-version":[{"id":3853,"href":"https:\/\/diariodepernambuco.audiencelabs.com.br\/wp-json\/wp\/v2\/posts\/3850\/revisions\/3853"}],"wp:featuredmedia":[{"embeddable":true,"href":"https:\/\/diariodepernambuco.audiencelabs.com.br\/wp-json\/wp\/v2\/media\/3854"}],"wp:attachment":[{"href":"https:\/\/diariodepernambuco.audiencelabs.com.br\/wp-json\/wp\/v2\/media?parent=3850"}],"wp:term":[{"taxonomy":"category","embeddable":true,"href":"https:\/\/diariodepernambuco.audiencelabs.com.br\/wp-json\/wp\/v2\/categories?post=3850"},{"taxonomy":"post_tag","embeddable":true,"href":"https:\/\/diariodepernambuco.audiencelabs.com.br\/wp-json\/wp\/v2\/tags?post=3850"}],"curies":[{"name":"wp","href":"https:\/\/api.w.org\/{rel}","templated":true}]}}