{"id":3865,"date":"2025-09-18T09:00:00","date_gmt":"2025-09-18T12:00:00","guid":{"rendered":"https:\/\/diariodepernambuco.audiencelabs.com.br\/?p=3865"},"modified":"2025-09-17T08:39:02","modified_gmt":"2025-09-17T11:39:02","slug":"pagamento-de-r-600-foi-confirmado-pelo-governo-em-setembro","status":"publish","type":"post","link":"https:\/\/diariodepernambuco.audiencelabs.com.br\/pagamento-de-r-600-foi-confirmado-pelo-governo-em-setembro\/","title":{"rendered":"Pagamento de R$ 600 foi confirmado pelo Governo em setembro"},"content":{"rendered":"\n<p>O Minist\u00e9rio do Desenvolvimento e Assist\u00eancia Social, Fam\u00edlia e Combate \u00e0 Fome <a href=\"https:\/\/diariodepernambuco.com.br\/dpmais\/bolsa-familia-de-setembro-ja-tem-data-para-cair-na-conta-veja-lista-completa\/\" data-type=\"link\" data-id=\"https:\/\/diariodepernambuco.com.br\/dpmais\/bolsa-familia-de-setembro-ja-tem-data-para-cair-na-conta-veja-lista-completa\/\" target=\"_blank\" rel=\"noopener\">anunciou as datas de pagamento do Bolsa Fam\u00edlia referentes a setembro<\/a>. Os repasses seguem a ordem do d\u00edgito final do NIS (N\u00famero de Identifica\u00e7\u00e3o Social), impresso no cart\u00e3o do benefici\u00e1rio.<\/p>\n\n\n\n<p>Os dep\u00f3sitos acontecem nos dez \u00faltimos dias \u00fateis de cada m\u00eas, exceto em dezembro, quando o calend\u00e1rio \u00e9 adiantado para garantir que todos recebam antes do Natal, encerrando no dia 10. Neste m\u00eas de setembro, os pagamentos come\u00e7aram na quarta-feira (17) para os benefici\u00e1rios com NIS final 1 e seguem at\u00e9 o dia 30, destinado aos que t\u00eam NIS terminado em 0.<\/p>\n\n\n\n<p>Al\u00e9m do valor m\u00ednimo de R$ 600, o programa pode incluir benef\u00edcios adicionais, como o acr\u00e9scimo de R$ 150 por crian\u00e7a de at\u00e9 seis anos e R$ 50 extras para gestantes, nutrizes e jovens entre 7 e 18 anos. Dessa forma, o total recebido por fam\u00edlia pode variar conforme a composi\u00e7\u00e3o do n\u00facleo familiar e as regras do programa.<\/p>\n\n\n\n<p>O governo refor\u00e7a que n\u00e3o \u00e9 necess\u00e1rio realizar novos cadastros para receber o benef\u00edcio, desde que o Cadastro \u00danico (Cad\u00danico) esteja atualizado. Os valores s\u00e3o depositados diretamente na conta do Caixa Tem ou podem ser movimentados com o Cart\u00e3o Bolsa Fam\u00edlia em ag\u00eancias da Caixa, lot\u00e9ricas e correspondentes banc\u00e1rios.<\/p>\n\n\n\n<h2 class=\"wp-block-heading\">Calend\u00e1rio Bolsa Fam\u00edlia de Setembro 2025<\/h2>\n\n\n\n<ul class=\"wp-block-list\">\n<li>NIS final 1: 17\/09<\/li>\n\n\n\n<li>NIS final 2: 18\/09<\/li>\n\n\n\n<li>NIS final 3: 19\/09<\/li>\n\n\n\n<li>NIS final 4: 22\/09 (antecipado para 20\/09, s\u00e1bado)<\/li>\n\n\n\n<li>NIS final 5: 24\/09<\/li>\n\n\n\n<li>NIS final 6: 27\/09<\/li>\n\n\n\n<li>NIS final 7: 28\/09<\/li>\n\n\n\n<li>NIS final 8: 29\/09 (antecipado para 27\/09, s\u00e1bado)<\/li>\n\n\n\n<li>NIS final 9: 30\/09<\/li>\n\n\n\n<li>NIS final 0: 31\/09<\/li>\n<\/ul>\n\n\n\n<h2 class=\"wp-block-heading\">Como manter o Bolsa Fam\u00edlia ativo<\/h2>\n\n\n\n<ul class=\"wp-block-list\">\n<li>Cadastro \u00danico atualizado \u2192 os dados da fam\u00edlia devem ser revisados a cada dois anos ou sempre que houver mudan\u00e7as (endere\u00e7o, renda, composi\u00e7\u00e3o familiar).<\/li>\n<\/ul>\n\n\n\n<ul class=\"wp-block-list\">\n<li>Renda compat\u00edvel \u2192 a fam\u00edlia deve se enquadrar nos crit\u00e9rios de renda exigidos pelo programa.<\/li>\n<\/ul>\n\n\n\n<ul class=\"wp-block-list\">\n<li>Frequ\u00eancia escolar \u2192 crian\u00e7as e adolescentes de 6 a 17 anos precisam frequentar regularmente a escola, com presen\u00e7a m\u00ednima exigida.<\/li>\n<\/ul>\n\n\n\n<ul class=\"wp-block-list\">\n<li>Acompanhamento de sa\u00fade \u2192 crian\u00e7as menores de 7 anos devem ter acompanhamento de vacina\u00e7\u00e3o e crescimento; gestantes precisam fazer o pr\u00e9-natal.<\/li>\n<\/ul>\n\n\n\n<ul class=\"wp-block-list\">\n<li>Cumprimento das condicionalidades \u2192 seguir todas as regras ligadas \u00e0 sa\u00fade, educa\u00e7\u00e3o e atualiza\u00e7\u00e3o cadastral.<\/li>\n<\/ul>\n\n\n\n<p><strong>\ud83d\udc49 O descumprimento dessas exig\u00eancias pode levar a bloqueio, suspens\u00e3o ou at\u00e9 ao cancelamento do benef\u00edcio.<\/strong><\/p>\n","protected":false},"excerpt":{"rendered":"<p>O Minist\u00e9rio do Desenvolvimento e Assist\u00eancia Social, Fam\u00edlia e Combate \u00e0 Fome anunciou as datas de pagamento do Bolsa Fam\u00edlia referentes a setembro. Os repasses seguem a ordem do d\u00edgito final do NIS (N\u00famero de Identifica\u00e7\u00e3o Social), impresso no cart\u00e3o do benefici\u00e1rio. Os dep\u00f3sitos acontecem nos dez \u00faltimos dias \u00fateis de cada m\u00eas, exceto em [&hellip;]<\/p>\n","protected":false},"author":4,"featured_media":2129,"comment_status":"open","ping_status":"open","sticky":false,"template":"","format":"standard","meta":{"jnews-multi-image_gallery":[],"jnews_single_post":{"format":"standard"},"jnews_primary_category":[],"jnews_social_meta":[],"jnews_post_split":[],"footnotes":""},"categories":[1],"tags":[],"class_list":["post-3865","post","type-post","status-publish","format-standard","has-post-thumbnail","hentry","category-uncategorized"],"_links":{"self":[{"href":"https:\/\/diariodepernambuco.audiencelabs.com.br\/wp-json\/wp\/v2\/posts\/3865","targetHints":{"allow":["GET"]}}],"collection":[{"href":"https:\/\/diariodepernambuco.audiencelabs.com.br\/wp-json\/wp\/v2\/posts"}],"about":[{"href":"https:\/\/diariodepernambuco.audiencelabs.com.br\/wp-json\/wp\/v2\/types\/post"}],"author":[{"embeddable":true,"href":"https:\/\/diariodepernambuco.audiencelabs.com.br\/wp-json\/wp\/v2\/users\/4"}],"replies":[{"embeddable":true,"href":"https:\/\/diariodepernambuco.audiencelabs.com.br\/wp-json\/wp\/v2\/comments?post=3865"}],"version-history":[{"count":4,"href":"https:\/\/diariodepernambuco.audiencelabs.com.br\/wp-json\/wp\/v2\/posts\/3865\/revisions"}],"predecessor-version":[{"id":3870,"href":"https:\/\/diariodepernambuco.audiencelabs.com.br\/wp-json\/wp\/v2\/posts\/3865\/revisions\/3870"}],"wp:featuredmedia":[{"embeddable":true,"href":"https:\/\/diariodepernambuco.audiencelabs.com.br\/wp-json\/wp\/v2\/media\/2129"}],"wp:attachment":[{"href":"https:\/\/diariodepernambuco.audiencelabs.com.br\/wp-json\/wp\/v2\/media?parent=3865"}],"wp:term":[{"taxonomy":"category","embeddable":true,"href":"https:\/\/diariodepernambuco.audiencelabs.com.br\/wp-json\/wp\/v2\/categories?post=3865"},{"taxonomy":"post_tag","embeddable":true,"href":"https:\/\/diariodepernambuco.audiencelabs.com.br\/wp-json\/wp\/v2\/tags?post=3865"}],"curies":[{"name":"wp","href":"https:\/\/api.w.org\/{rel}","templated":true}]}}