{"id":3871,"date":"2025-09-18T09:30:00","date_gmt":"2025-09-18T12:30:00","guid":{"rendered":"https:\/\/diariodepernambuco.audiencelabs.com.br\/?p=3871"},"modified":"2025-09-17T08:49:33","modified_gmt":"2025-09-17T11:49:33","slug":"projeto-nuclear-inicia-no-brasil-proxima-guerra-mundial-vem-ai","status":"publish","type":"post","link":"https:\/\/diariodepernambuco.audiencelabs.com.br\/projeto-nuclear-inicia-no-brasil-proxima-guerra-mundial-vem-ai\/","title":{"rendered":"Projeto nuclear inicia no Brasil: pr\u00f3xima guerra mundial vem a\u00ed?"},"content":{"rendered":"\n<p>O Brasil deu mais um passo significativo em sua trajet\u00f3ria de avan\u00e7o tecnol\u00f3gico e defesa nacional com o in\u00edcio de um projeto nuclear estrat\u00e9gico. O Programa de Desenvolvimento de Submarinos (Prosub), voltado \u00e0 constru\u00e7\u00e3o de submarinos de propuls\u00e3o nuclear, refor\u00e7a a capacidade do pa\u00eds de atuar de forma independente na seguran\u00e7a mar\u00edtima e no desenvolvimento cient\u00edfico.<\/p>\n\n\n\n<p>Este marco representa n\u00e3o apenas um avan\u00e7o militar, mas tamb\u00e9m um impulso para a pesquisa, a engenharia e a ind\u00fastria nacional, consolidando o Brasil entre os pa\u00edses com tecnologia de ponta no setor nuclear. De acordo com Alexandre Rabello de Faria, diretor-geral de Desenvolvimento Nuclear e Tecnol\u00f3gico da Marinha, a iniciativa representa um \u201cavan\u00e7o sem precedentes para a For\u00e7a Naval brasileira\u201d.<\/p>\n\n\n\n<p>O Prosub faz parte de um esfor\u00e7o estrat\u00e9gico da Marinha para modernizar sua frota e aumentar a presen\u00e7a do Brasil em \u00e1guas internacionais, garantindo maior seguran\u00e7a e soberania sobre \u00e1reas mar\u00edtimas estrat\u00e9gicas. O programa envolve a constru\u00e7\u00e3o de submarinos convencionais e nucleares, al\u00e9m do desenvolvimento de infraestrutura portu\u00e1ria, estaleiros especializados e centros de pesquisa avan\u00e7ada.<\/p>\n\n\n\n<p>Al\u00e9m dos impactos militares, o projeto tamb\u00e9m traz benef\u00edcios econ\u00f4micos e tecnol\u00f3gicos, gerando empregos qualificados e fomentando setores de engenharia, tecnologia nuclear e ind\u00fastria naval. O Prosub contribui para a forma\u00e7\u00e3o de profissionais altamente especializados e para o fortalecimento da ind\u00fastria nacional em setores estrat\u00e9gicos.<\/p>\n\n\n\n<h2 class=\"wp-block-heading\">Quais os pr\u00f3ximos passos do Prosub?<\/h2>\n\n\n\n<p>Os pr\u00f3ximos passos do Prosub incluem a conclus\u00e3o da constru\u00e7\u00e3o do submarino nuclear \u00c1lvaro Alberto, o primeiro desse tipo totalmente desenvolvido no Brasil, que promete elevar significativamente a capacidade de dissuas\u00e3o e defesa do pa\u00eds. Al\u00e9m disso, a Marinha seguir\u00e1 investindo na moderniza\u00e7\u00e3o dos estaleiros, centros de pesquisa e na capacita\u00e7\u00e3o de engenheiros e t\u00e9cnicos especializados.<\/p>\n\n\n\n<p>O programa tamb\u00e9m prev\u00ea a integra\u00e7\u00e3o desses submarinos \u00e0 frota existente, fortalecendo a presen\u00e7a do Brasil em suas \u00e1guas jurisdicionais e ampliando a capacidade de atua\u00e7\u00e3o em miss\u00f5es internacionais. Com o Prosub, o pa\u00eds reafirma seu compromisso com a soberania, a inova\u00e7\u00e3o tecnol\u00f3gica e a seguran\u00e7a estrat\u00e9gica, posicionando-se de forma aut\u00f4noma e respeitada no cen\u00e1rio global.<\/p>\n\n\n\n<p><\/p>\n","protected":false},"excerpt":{"rendered":"<p>O Brasil deu mais um passo significativo em sua trajet\u00f3ria de avan\u00e7o tecnol\u00f3gico e defesa nacional com o in\u00edcio de um projeto nuclear estrat\u00e9gico. O Programa de Desenvolvimento de Submarinos (Prosub), voltado \u00e0 constru\u00e7\u00e3o de submarinos de propuls\u00e3o nuclear, refor\u00e7a a capacidade do pa\u00eds de atuar de forma independente na seguran\u00e7a mar\u00edtima e no desenvolvimento [&hellip;]<\/p>\n","protected":false},"author":4,"featured_media":3873,"comment_status":"open","ping_status":"open","sticky":false,"template":"","format":"standard","meta":{"jnews-multi-image_gallery":[],"jnews_single_post":{"format":"standard"},"jnews_primary_category":[],"jnews_social_meta":[],"jnews_post_split":[],"footnotes":""},"categories":[1],"tags":[],"class_list":["post-3871","post","type-post","status-publish","format-standard","has-post-thumbnail","hentry","category-uncategorized"],"_links":{"self":[{"href":"https:\/\/diariodepernambuco.audiencelabs.com.br\/wp-json\/wp\/v2\/posts\/3871","targetHints":{"allow":["GET"]}}],"collection":[{"href":"https:\/\/diariodepernambuco.audiencelabs.com.br\/wp-json\/wp\/v2\/posts"}],"about":[{"href":"https:\/\/diariodepernambuco.audiencelabs.com.br\/wp-json\/wp\/v2\/types\/post"}],"author":[{"embeddable":true,"href":"https:\/\/diariodepernambuco.audiencelabs.com.br\/wp-json\/wp\/v2\/users\/4"}],"replies":[{"embeddable":true,"href":"https:\/\/diariodepernambuco.audiencelabs.com.br\/wp-json\/wp\/v2\/comments?post=3871"}],"version-history":[{"count":3,"href":"https:\/\/diariodepernambuco.audiencelabs.com.br\/wp-json\/wp\/v2\/posts\/3871\/revisions"}],"predecessor-version":[{"id":3875,"href":"https:\/\/diariodepernambuco.audiencelabs.com.br\/wp-json\/wp\/v2\/posts\/3871\/revisions\/3875"}],"wp:featuredmedia":[{"embeddable":true,"href":"https:\/\/diariodepernambuco.audiencelabs.com.br\/wp-json\/wp\/v2\/media\/3873"}],"wp:attachment":[{"href":"https:\/\/diariodepernambuco.audiencelabs.com.br\/wp-json\/wp\/v2\/media?parent=3871"}],"wp:term":[{"taxonomy":"category","embeddable":true,"href":"https:\/\/diariodepernambuco.audiencelabs.com.br\/wp-json\/wp\/v2\/categories?post=3871"},{"taxonomy":"post_tag","embeddable":true,"href":"https:\/\/diariodepernambuco.audiencelabs.com.br\/wp-json\/wp\/v2\/tags?post=3871"}],"curies":[{"name":"wp","href":"https:\/\/api.w.org\/{rel}","templated":true}]}}