{"id":3876,"date":"2025-09-18T10:30:00","date_gmt":"2025-09-18T13:30:00","guid":{"rendered":"https:\/\/diariodepernambuco.audiencelabs.com.br\/?p=3876"},"modified":"2025-09-17T08:55:19","modified_gmt":"2025-09-17T11:55:19","slug":"astronauta-chines-ouviu-algo-assustador-no-meio-do-espaco","status":"publish","type":"post","link":"https:\/\/diariodepernambuco.audiencelabs.com.br\/astronauta-chines-ouviu-algo-assustador-no-meio-do-espaco\/","title":{"rendered":"Astronauta chin\u00eas ouviu algo assustador no meio do espa\u00e7o"},"content":{"rendered":"\n<p>Em 2003, o astronauta chin\u00eas Yang Liwei protagonizou um epis\u00f3dio que deixou o mundo surpreso e intrigado. Durante sua miss\u00e3o hist\u00f3rica a bordo da nave Shenzhou 5, a primeira tripulada da China, Liwei relatou ter ouvido sons estranhos e inexplic\u00e1veis no espa\u00e7o, despertando especula\u00e7\u00f5es sobre fen\u00f4menos desconhecidos fora da Terra.<\/p>\n\n\n\n<p>Liwei relatou ter ouvido um som de batidas repetitivas no casco da nave, comparando-o ao ru\u00eddo de um martelo de madeira batendo contra um balde de metal. O epis\u00f3dio intrigou, j\u00e1 que, no espa\u00e7o, o som n\u00e3o se propaga da mesma forma que na Terra. Apesar do susto inicial, Yang acabou se habituando ao fen\u00f4meno, passando a consider\u00e1-lo \u201cnormal\u201d dentro da rotina orbital.<\/p>\n\n\n\n<p>O epis\u00f3dio despertou grande interesse na comunidade cient\u00edfica e gerou diversas teorias sobre sua origem, nenhuma das quais se mostrou definitiva at\u00e9 o momento. Uma das explica\u00e7\u00f5es sugere que microdetritos espaciais \u2014 pequenos fragmentos flutuantes \u2014 poderiam ter colidido com a c\u00e1psula, produzindo o som sem deixar sinais vis\u00edveis.<\/p>\n\n\n\n<p>Curiosamente, Yang n\u00e3o foi o \u00fanico a perceber o fen\u00f4meno. Astronautas de miss\u00f5es posteriores, em 2005 e 2008, tamb\u00e9m relataram ru\u00eddos semelhantes, sugerindo que se trata de uma caracter\u00edstica recorrente em voos orbitais ou de um efeito ambiental espec\u00edfico da c\u00e1psula chinesa.<\/p>\n\n\n\n<h2 class=\"wp-block-heading\">Por qu\u00ea o som n\u00e3o se propaga no espa\u00e7o?<\/h2>\n\n\n\n<p>O som n\u00e3o se propaga no espa\u00e7o porque ele precisa de um meio material \u2014 como ar, \u00e1gua ou metal \u2014 para se transmitir. O som \u00e9 uma onda mec\u00e2nica, ou seja, depende da vibra\u00e7\u00e3o das part\u00edculas do meio para se propagar. No v\u00e1cuo espacial, praticamente n\u00e3o h\u00e1 part\u00edculas suficientes para transmitir essas vibra\u00e7\u00f5es.<\/p>\n\n\n\n<p>Por isso, no espa\u00e7o aberto, sons como conversas, batidas ou explos\u00f5es n\u00e3o podem ser ouvidos diretamente. No entanto, dentro de naves espaciais ou trajes pressurizados, onde existe ar, o som se comporta normalmente, o que explica por que astronautas conseguem ouvir ru\u00eddos dentro da c\u00e1psula.<\/p>\n","protected":false},"excerpt":{"rendered":"<p>Em 2003, o astronauta chin\u00eas Yang Liwei protagonizou um epis\u00f3dio que deixou o mundo surpreso e intrigado. Durante sua miss\u00e3o hist\u00f3rica a bordo da nave Shenzhou 5, a primeira tripulada da China, Liwei relatou ter ouvido sons estranhos e inexplic\u00e1veis no espa\u00e7o, despertando especula\u00e7\u00f5es sobre fen\u00f4menos desconhecidos fora da Terra. Liwei relatou ter ouvido um [&hellip;]<\/p>\n","protected":false},"author":4,"featured_media":3878,"comment_status":"open","ping_status":"open","sticky":false,"template":"","format":"standard","meta":{"jnews-multi-image_gallery":[],"jnews_single_post":{"format":"standard"},"jnews_primary_category":[],"jnews_social_meta":[],"jnews_post_split":[],"footnotes":""},"categories":[1],"tags":[],"class_list":["post-3876","post","type-post","status-publish","format-standard","has-post-thumbnail","hentry","category-uncategorized"],"_links":{"self":[{"href":"https:\/\/diariodepernambuco.audiencelabs.com.br\/wp-json\/wp\/v2\/posts\/3876","targetHints":{"allow":["GET"]}}],"collection":[{"href":"https:\/\/diariodepernambuco.audiencelabs.com.br\/wp-json\/wp\/v2\/posts"}],"about":[{"href":"https:\/\/diariodepernambuco.audiencelabs.com.br\/wp-json\/wp\/v2\/types\/post"}],"author":[{"embeddable":true,"href":"https:\/\/diariodepernambuco.audiencelabs.com.br\/wp-json\/wp\/v2\/users\/4"}],"replies":[{"embeddable":true,"href":"https:\/\/diariodepernambuco.audiencelabs.com.br\/wp-json\/wp\/v2\/comments?post=3876"}],"version-history":[{"count":2,"href":"https:\/\/diariodepernambuco.audiencelabs.com.br\/wp-json\/wp\/v2\/posts\/3876\/revisions"}],"predecessor-version":[{"id":3880,"href":"https:\/\/diariodepernambuco.audiencelabs.com.br\/wp-json\/wp\/v2\/posts\/3876\/revisions\/3880"}],"wp:featuredmedia":[{"embeddable":true,"href":"https:\/\/diariodepernambuco.audiencelabs.com.br\/wp-json\/wp\/v2\/media\/3878"}],"wp:attachment":[{"href":"https:\/\/diariodepernambuco.audiencelabs.com.br\/wp-json\/wp\/v2\/media?parent=3876"}],"wp:term":[{"taxonomy":"category","embeddable":true,"href":"https:\/\/diariodepernambuco.audiencelabs.com.br\/wp-json\/wp\/v2\/categories?post=3876"},{"taxonomy":"post_tag","embeddable":true,"href":"https:\/\/diariodepernambuco.audiencelabs.com.br\/wp-json\/wp\/v2\/tags?post=3876"}],"curies":[{"name":"wp","href":"https:\/\/api.w.org\/{rel}","templated":true}]}}