{"id":3881,"date":"2025-09-18T11:30:00","date_gmt":"2025-09-18T14:30:00","guid":{"rendered":"https:\/\/diariodepernambuco.audiencelabs.com.br\/?p=3881"},"modified":"2025-09-17T09:01:39","modified_gmt":"2025-09-17T12:01:39","slug":"nova-lingua-sera-adotada-no-brasil-e-portugues-vai-ser-abandonado","status":"publish","type":"post","link":"https:\/\/diariodepernambuco.audiencelabs.com.br\/nova-lingua-sera-adotada-no-brasil-e-portugues-vai-ser-abandonado\/","title":{"rendered":"Nova l\u00edngua ser\u00e1 adotada no Brasil e portugu\u00eas vai ser abandonado"},"content":{"rendered":"\n<p>Imagine despertar um dia e perceber que a l\u00edngua oficial do Brasil n\u00e3o \u00e9 mais o portugu\u00eas. Parece imposs\u00edvel? Para diversos linguistas, n\u00e3o s\u00f3 \u00e9 vi\u00e1vel, como pode estar mais pr\u00f3ximo de se tornar realidade. O idioma falado no pa\u00eds teria se afastado tanto do portugu\u00eas europeu que, em breve, poder\u00e1 receber um nome pr\u00f3prio: \u201cbrasileiro\u201d.<\/p>\n\n\n\n<p>As diferen\u00e7as v\u00e3o al\u00e9m do sotaque ou do vocabul\u00e1rio. Elas representam uma transforma\u00e7\u00e3o hist\u00f3rica iniciada com a Independ\u00eancia, em 1822, e moldada por mais de mil l\u00ednguas ind\u00edgenas, influ\u00eancias africanas e express\u00f5es pr\u00f3prias do pa\u00eds. Termos como \u201ccafun\u00e9\u201d, \u201ctatu\u201d, \u201cmandioca\u201d e \u201cfofoca\u201d surgiram no Brasil e n\u00e3o t\u00eam o mesmo significado em Portugal.<\/p>\n\n\n\n<p>O linguista portugu\u00eas Fernando Ven\u00e2ncio, autor de &#8220;Assim Nasceu uma L\u00edngua&#8221;, \u00e9 um dos maiores defensores da tese de que o Brasil n\u00e3o fala mais portugu\u00eas, mas sim um idioma independente. Ele ressalta que a l\u00edngua que hoje chamamos de portuguesa n\u00e3o se originou em Lisboa, e sim na Gal\u00edcia, regi\u00e3o que atualmente faz parte da Espanha.<\/p>\n\n\n\n<p>Para Ven\u00e2ncio, \u00e9 natural que, ao longo de dois s\u00e9culos, o Brasil tenha formado uma forma de falar pr\u00f3pria, distinta do padr\u00e3o europeu. Embora ainda exista resist\u00eancia entre linguistas e autoridades, o debate deixou de ser puramente acad\u00eamico. Reconhecer o \u201cbrasileiro\u201d como uma l\u00edngua independente pode ser apenas uma quest\u00e3o de tempo \u2014 e de decis\u00e3o pol\u00edtica.<\/p>\n\n\n\n<h2 class=\"wp-block-heading\">O nascimento de uma l\u00edngua pr\u00f3pria<\/h2>\n\n\n\n<p>A consolida\u00e7\u00e3o do \u201cbrasileiro\u201d reflete s\u00e9culos de transforma\u00e7\u00e3o cultural e lingu\u00edstica, em que influ\u00eancias ind\u00edgenas, africanas e europeias se entrela\u00e7aram para criar um idioma \u00fanico. N\u00e3o se trata apenas de pron\u00fancia ou vocabul\u00e1rio, mas de um desenvolvimento hist\u00f3rico que tornou a l\u00edngua do Brasil reconhecivelmente distinta do portugu\u00eas europeu.<\/p>\n\n\n\n<p>Essa evolu\u00e7\u00e3o tem ganhado aten\u00e7\u00e3o crescente entre linguistas e estudiosos, que veem no reconhecimento do \u201cbrasileiro\u201d como l\u00edngua independente n\u00e3o apenas uma possibilidade acad\u00eamica, mas tamb\u00e9m um reflexo da identidade nacional. O debate, embora ainda cercado de resist\u00eancias, sinaliza que o Brasil caminha para afirmar sua autonomia lingu\u00edstica de forma oficial.<\/p>\n","protected":false},"excerpt":{"rendered":"<p>Imagine despertar um dia e perceber que a l\u00edngua oficial do Brasil n\u00e3o \u00e9 mais o portugu\u00eas. Parece imposs\u00edvel? Para diversos linguistas, n\u00e3o s\u00f3 \u00e9 vi\u00e1vel, como pode estar mais pr\u00f3ximo de se tornar realidade. O idioma falado no pa\u00eds teria se afastado tanto do portugu\u00eas europeu que, em breve, poder\u00e1 receber um nome pr\u00f3prio: [&hellip;]<\/p>\n","protected":false},"author":4,"featured_media":3883,"comment_status":"open","ping_status":"open","sticky":false,"template":"","format":"standard","meta":{"jnews-multi-image_gallery":[],"jnews_single_post":{"format":"standard"},"jnews_primary_category":[],"jnews_social_meta":[],"jnews_post_split":[],"footnotes":""},"categories":[1],"tags":[],"class_list":["post-3881","post","type-post","status-publish","format-standard","has-post-thumbnail","hentry","category-uncategorized"],"_links":{"self":[{"href":"https:\/\/diariodepernambuco.audiencelabs.com.br\/wp-json\/wp\/v2\/posts\/3881","targetHints":{"allow":["GET"]}}],"collection":[{"href":"https:\/\/diariodepernambuco.audiencelabs.com.br\/wp-json\/wp\/v2\/posts"}],"about":[{"href":"https:\/\/diariodepernambuco.audiencelabs.com.br\/wp-json\/wp\/v2\/types\/post"}],"author":[{"embeddable":true,"href":"https:\/\/diariodepernambuco.audiencelabs.com.br\/wp-json\/wp\/v2\/users\/4"}],"replies":[{"embeddable":true,"href":"https:\/\/diariodepernambuco.audiencelabs.com.br\/wp-json\/wp\/v2\/comments?post=3881"}],"version-history":[{"count":2,"href":"https:\/\/diariodepernambuco.audiencelabs.com.br\/wp-json\/wp\/v2\/posts\/3881\/revisions"}],"predecessor-version":[{"id":3884,"href":"https:\/\/diariodepernambuco.audiencelabs.com.br\/wp-json\/wp\/v2\/posts\/3881\/revisions\/3884"}],"wp:featuredmedia":[{"embeddable":true,"href":"https:\/\/diariodepernambuco.audiencelabs.com.br\/wp-json\/wp\/v2\/media\/3883"}],"wp:attachment":[{"href":"https:\/\/diariodepernambuco.audiencelabs.com.br\/wp-json\/wp\/v2\/media?parent=3881"}],"wp:term":[{"taxonomy":"category","embeddable":true,"href":"https:\/\/diariodepernambuco.audiencelabs.com.br\/wp-json\/wp\/v2\/categories?post=3881"},{"taxonomy":"post_tag","embeddable":true,"href":"https:\/\/diariodepernambuco.audiencelabs.com.br\/wp-json\/wp\/v2\/tags?post=3881"}],"curies":[{"name":"wp","href":"https:\/\/api.w.org\/{rel}","templated":true}]}}