{"id":389,"date":"2025-08-05T20:30:00","date_gmt":"2025-08-05T23:30:00","guid":{"rendered":"https:\/\/diariodepernambuco.audiencelabs.com.br\/?p=389"},"modified":"2025-08-05T09:02:12","modified_gmt":"2025-08-05T12:02:12","slug":"acidente-fatal-com-piloto-automatico-do-tesla-causa-multa-milionaria","status":"publish","type":"post","link":"https:\/\/diariodepernambuco.audiencelabs.com.br\/acidente-fatal-com-piloto-automatico-do-tesla-causa-multa-milionaria\/","title":{"rendered":"Acidente fatal com piloto autom\u00e1tico do Tesla causa multa milion\u00e1ria"},"content":{"rendered":"\n<p>Um acidente fatal ocorrido em 2019 envolvendo um Model S com o sistema de piloto autom\u00e1tico, chamado de Autopilot, rendeu dor de cabe\u00e7a para a Tesla. Na \u00faltima sexta-feira (1), um j\u00fari da Fl\u00f3rida decidiu responsabilizar a empresa norte-americana pelo ocorrido. A montadora foi condenada a pagar US$ 243 milh\u00f5es \u00e0s v\u00edtimas.<\/p>\n\n\n\n<p>Os jurados concederam \u00e0 heran\u00e7a de Naibel Benavides Leon e ao ex-namorado dela, Dillon Angulo, US$ 129 milh\u00f5es em indeniza\u00e7\u00f5es compensat\u00f3rias e outros US$ 200 milh\u00f5es em danos punitivos. Os valores foram divulgados no documento do veredicto, em a\u00e7\u00e3o realizada em um tribunal federal de Miami.<\/p>\n\n\n\n<p>Brett Schreiber, advogado das v\u00edtimas, se manifestou atrav\u00e9s de um comunicado: &#8220;A Tesla desenvolveu o Autopilot para uso exclusivo em rodovias de acesso controlado, mas optou por n\u00e3o limitar sua aplica\u00e7\u00e3o em outras vias, enquanto Elon Musk afirmava publicamente que o sistema dirigia melhor do que os humanos&#8221;.<\/p>\n\n\n\n<p>Schreiber ainda concluiu: &#8220;O veredicto de hoje representa justi\u00e7a pela morte tr\u00e1gica de Naibel e pelas sequelas permanentes sofridas por Dillon&#8221;. Os autores da a\u00e7\u00e3o solicitavam US$ 345 milh\u00f5es. Derrotada, a Tesla afirmou que ir\u00e1 recorrer.<\/p>\n\n\n\n<h2 class=\"wp-block-heading\">O que diz a montadora?<\/h2>\n\n\n\n<p>Tamb\u00e9m em comunicado, a Tesla afirmou que &#8220;o veredicto \u00e9 errado e apenas atrasa os avan\u00e7os na seguran\u00e7a automotiva, al\u00e9m de colocar em risco os esfor\u00e7os da Tesla \u2014 e de toda a ind\u00fastria \u2014 em desenvolver e implementar tecnologias que salvam vidas&#8221;.<\/p>\n\n\n\n<p>A Tesla j\u00e1 enfrentou diversos processos relacionados \u00e0 tecnologia de dire\u00e7\u00e3o aut\u00f4noma de seus carros, mas a maior parte deles foi encerrada ou arquivada antes de chegar ao tribunal. Especialistas apontam que o veredicto desta semana pode estimular novas a\u00e7\u00f5es judiciais e aumentar o custo de acordos futuros.<\/p>\n\n\n\n<h2 class=\"wp-block-heading\">Relembre o acidente<\/h2>\n\n\n\n<p>Em 25 de abril de 2019, George McGee conduzia seu Model S a aproximadamente 100 km\/h e atravessou um cruzamento, colidindo com um Chevrolet Tahoe estacionado no acostamento, onde estavam as v\u00edtimas.<\/p>\n\n\n\n<figure class=\"wp-block-gallery has-nested-images columns-default is-cropped wp-block-gallery-1 is-layout-flex wp-block-gallery-is-layout-flex\"><div class=\"wp-block-image\">\n<figure class=\"aligncenter size-large\"><img loading=\"lazy\" decoding=\"async\" width=\"984\" height=\"573\" data-id=\"394\" src=\"https:\/\/diariodepernambuco.audiencelabs.com.br\/wp-content\/uploads\/2025\/08\/Tesla-Model-S.avif\" alt=\"\" class=\"wp-image-394\" srcset=\"https:\/\/diariodepernambuco.audiencelabs.com.br\/wp-content\/uploads\/2025\/08\/Tesla-Model-S.avif 984w, https:\/\/diariodepernambuco.audiencelabs.com.br\/wp-content\/uploads\/2025\/08\/Tesla-Model-S-300x175.avif 300w, https:\/\/diariodepernambuco.audiencelabs.com.br\/wp-content\/uploads\/2025\/08\/Tesla-Model-S-768x447.avif 768w, https:\/\/diariodepernambuco.audiencelabs.com.br\/wp-content\/uploads\/2025\/08\/Tesla-Model-S-750x437.avif 750w\" sizes=\"auto, (max-width: 984px) 100vw, 984px\" \/><figcaption class=\"wp-element-caption\">Tesla Model S \u2014 Foto: divulga\u00e7\u00e3o\/Tesla<\/figcaption><\/figure>\n<\/div><\/figure>\n\n\n\n<p>Ele teria se abaixado para pegar um celular que caiu no ch\u00e3o do ve\u00edculo e, segundo relatos, n\u00e3o recebeu qualquer alerta antes de avan\u00e7ar um sinal de parada e um sem\u00e1foro, colidindo com o SUV. Naibel Benavides Leon foi arremessada a cerca de 23 metros e morreu no local. J\u00e1 Angulo teve ferimentos graves.<\/p>\n\n\n\n<p><\/p>\n","protected":false},"excerpt":{"rendered":"<p>Um acidente fatal ocorrido em 2019 envolvendo um Model S com o sistema de piloto autom\u00e1tico, chamado de Autopilot, rendeu dor de cabe\u00e7a para a Tesla. Na \u00faltima sexta-feira (1), um j\u00fari da Fl\u00f3rida decidiu responsabilizar a empresa norte-americana pelo ocorrido. A montadora foi condenada a pagar US$ 243 milh\u00f5es \u00e0s v\u00edtimas. Os jurados concederam [&hellip;]<\/p>\n","protected":false},"author":4,"featured_media":391,"comment_status":"open","ping_status":"open","sticky":false,"template":"","format":"standard","meta":{"jnews-multi-image_gallery":[],"jnews_single_post":{"format":"standard"},"jnews_primary_category":[],"jnews_social_meta":[],"jnews_post_split":[],"footnotes":""},"categories":[1],"tags":[],"class_list":["post-389","post","type-post","status-publish","format-standard","has-post-thumbnail","hentry","category-uncategorized"],"_links":{"self":[{"href":"https:\/\/diariodepernambuco.audiencelabs.com.br\/wp-json\/wp\/v2\/posts\/389","targetHints":{"allow":["GET"]}}],"collection":[{"href":"https:\/\/diariodepernambuco.audiencelabs.com.br\/wp-json\/wp\/v2\/posts"}],"about":[{"href":"https:\/\/diariodepernambuco.audiencelabs.com.br\/wp-json\/wp\/v2\/types\/post"}],"author":[{"embeddable":true,"href":"https:\/\/diariodepernambuco.audiencelabs.com.br\/wp-json\/wp\/v2\/users\/4"}],"replies":[{"embeddable":true,"href":"https:\/\/diariodepernambuco.audiencelabs.com.br\/wp-json\/wp\/v2\/comments?post=389"}],"version-history":[{"count":3,"href":"https:\/\/diariodepernambuco.audiencelabs.com.br\/wp-json\/wp\/v2\/posts\/389\/revisions"}],"predecessor-version":[{"id":395,"href":"https:\/\/diariodepernambuco.audiencelabs.com.br\/wp-json\/wp\/v2\/posts\/389\/revisions\/395"}],"wp:featuredmedia":[{"embeddable":true,"href":"https:\/\/diariodepernambuco.audiencelabs.com.br\/wp-json\/wp\/v2\/media\/391"}],"wp:attachment":[{"href":"https:\/\/diariodepernambuco.audiencelabs.com.br\/wp-json\/wp\/v2\/media?parent=389"}],"wp:term":[{"taxonomy":"category","embeddable":true,"href":"https:\/\/diariodepernambuco.audiencelabs.com.br\/wp-json\/wp\/v2\/categories?post=389"},{"taxonomy":"post_tag","embeddable":true,"href":"https:\/\/diariodepernambuco.audiencelabs.com.br\/wp-json\/wp\/v2\/tags?post=389"}],"curies":[{"name":"wp","href":"https:\/\/api.w.org\/{rel}","templated":true}]}}