{"id":3903,"date":"2025-09-18T14:00:00","date_gmt":"2025-09-18T17:00:00","guid":{"rendered":"https:\/\/diariodepernambuco.audiencelabs.com.br\/?p=3903"},"modified":"2025-09-17T12:47:48","modified_gmt":"2025-09-17T15:47:48","slug":"esses-brasileiros-nao-vao-mais-ter-direito-a-atendimentos-no-sus","status":"publish","type":"post","link":"https:\/\/diariodepernambuco.audiencelabs.com.br\/esses-brasileiros-nao-vao-mais-ter-direito-a-atendimentos-no-sus\/","title":{"rendered":"Esses brasileiros n\u00e3o v\u00e3o mais ter direito a atendimentos no SUS?"},"content":{"rendered":"\n<p>A circula\u00e7\u00e3o de informa\u00e7\u00f5es de que cidad\u00e3os sem CPF ficariam impedidos de usar o Sistema \u00danico de Sa\u00fade (SUS) gerou preocupa\u00e7\u00e3o em todo o pa\u00eds nos \u00faltimos dias. Nesta ter\u00e7a-feira (16), o Minist\u00e9rio da Sa\u00fade confirmou que a not\u00edcia \u00e9 falsa: todos continuar\u00e3o a ser atendidos normalmente, mesmo sem o documento.<\/p>\n\n\n\n<p>O governo informou que o CPF passar\u00e1 a substituir o n\u00famero do antigo Cart\u00e3o Nacional de Sa\u00fade (CNS) como identificador principal dos pacientes. O objetivo \u00e9 unificar os cadastros e eliminar duplicidades \u2014 atualmente, uma mesma pessoa pode ter at\u00e9 tr\u00eas registros distintos. De acordo com o ministro da Sa\u00fade, Alexandre Padilha, a medida n\u00e3o deixar\u00e1 ningu\u00e9m de fora.<\/p>\n\n\n\n<p>&#8220;N\u00e3o estamos deixando ningu\u00e9m para tr\u00e1s. As pessoas que n\u00e3o t\u00eam CPF ainda v\u00e3o continuar a ser atendidas. N\u00e3o h\u00e1 sistema nacional de sa\u00fade p\u00fablico que tenha o volume, a diversidade e a complexidade dos dados que tem o SUS&#8221;, disse o ministro.<\/p>\n\n\n\n<p>Para viabilizar a unifica\u00e7\u00e3o, o Minist\u00e9rio da Sa\u00fade come\u00e7ou uma esp\u00e9cie de limpeza na base de dados de usu\u00e1rios do SUS, conhecida como CadSUS. Com isso, o n\u00famero de registros caiu de 340 milh\u00f5es para 286,8 milh\u00f5es de cadastros ativos. Desses, 246 milh\u00f5es j\u00e1 est\u00e3o vinculados ao CPF, enquanto 40,8 milh\u00f5es ainda n\u00e3o t\u00eam CPF e est\u00e3o em processo de an\u00e1lise para poss\u00edvel inativa\u00e7\u00e3o.<\/p>\n\n\n\n<p>O governo estima que cerca de 11 milh\u00f5es de registros sejam inativados mensalmente, atingindo um total de 111 milh\u00f5es at\u00e9 abril de 2026. O objetivo \u00e9 que, ao t\u00e9rmino do processo, a base de cadastros do SUS corresponda ao n\u00famero de CPFs ativos na Receita Federal, atualmente 228,9 milh\u00f5es.<\/p>\n\n\n\n<p><\/p>\n","protected":false},"excerpt":{"rendered":"<p>A circula\u00e7\u00e3o de informa\u00e7\u00f5es de que cidad\u00e3os sem CPF ficariam impedidos de usar o Sistema \u00danico de Sa\u00fade (SUS) gerou preocupa\u00e7\u00e3o em todo o pa\u00eds nos \u00faltimos dias. Nesta ter\u00e7a-feira (16), o Minist\u00e9rio da Sa\u00fade confirmou que a not\u00edcia \u00e9 falsa: todos continuar\u00e3o a ser atendidos normalmente, mesmo sem o documento. O governo informou que [&hellip;]<\/p>\n","protected":false},"author":4,"featured_media":3905,"comment_status":"open","ping_status":"open","sticky":false,"template":"","format":"standard","meta":{"jnews-multi-image_gallery":[],"jnews_single_post":{"format":"standard"},"jnews_primary_category":[],"jnews_social_meta":[],"jnews_post_split":[],"footnotes":""},"categories":[1],"tags":[],"class_list":["post-3903","post","type-post","status-publish","format-standard","has-post-thumbnail","hentry","category-uncategorized"],"_links":{"self":[{"href":"https:\/\/diariodepernambuco.audiencelabs.com.br\/wp-json\/wp\/v2\/posts\/3903","targetHints":{"allow":["GET"]}}],"collection":[{"href":"https:\/\/diariodepernambuco.audiencelabs.com.br\/wp-json\/wp\/v2\/posts"}],"about":[{"href":"https:\/\/diariodepernambuco.audiencelabs.com.br\/wp-json\/wp\/v2\/types\/post"}],"author":[{"embeddable":true,"href":"https:\/\/diariodepernambuco.audiencelabs.com.br\/wp-json\/wp\/v2\/users\/4"}],"replies":[{"embeddable":true,"href":"https:\/\/diariodepernambuco.audiencelabs.com.br\/wp-json\/wp\/v2\/comments?post=3903"}],"version-history":[{"count":2,"href":"https:\/\/diariodepernambuco.audiencelabs.com.br\/wp-json\/wp\/v2\/posts\/3903\/revisions"}],"predecessor-version":[{"id":3907,"href":"https:\/\/diariodepernambuco.audiencelabs.com.br\/wp-json\/wp\/v2\/posts\/3903\/revisions\/3907"}],"wp:featuredmedia":[{"embeddable":true,"href":"https:\/\/diariodepernambuco.audiencelabs.com.br\/wp-json\/wp\/v2\/media\/3905"}],"wp:attachment":[{"href":"https:\/\/diariodepernambuco.audiencelabs.com.br\/wp-json\/wp\/v2\/media?parent=3903"}],"wp:term":[{"taxonomy":"category","embeddable":true,"href":"https:\/\/diariodepernambuco.audiencelabs.com.br\/wp-json\/wp\/v2\/categories?post=3903"},{"taxonomy":"post_tag","embeddable":true,"href":"https:\/\/diariodepernambuco.audiencelabs.com.br\/wp-json\/wp\/v2\/tags?post=3903"}],"curies":[{"name":"wp","href":"https:\/\/api.w.org\/{rel}","templated":true}]}}