{"id":3908,"date":"2025-09-18T15:00:00","date_gmt":"2025-09-18T18:00:00","guid":{"rendered":"https:\/\/diariodepernambuco.audiencelabs.com.br\/?p=3908"},"modified":"2025-09-17T12:55:22","modified_gmt":"2025-09-17T15:55:22","slug":"apple-anunciou-fim-do-ciclo-e-despedida-nos-iphones","status":"publish","type":"post","link":"https:\/\/diariodepernambuco.audiencelabs.com.br\/apple-anunciou-fim-do-ciclo-e-despedida-nos-iphones\/","title":{"rendered":"Apple anunciou fim do ciclo e despedida nos iPhones"},"content":{"rendered":"\n<p>Na \u00faltima semana, a Apple apresentou a sua nova gera\u00e7\u00e3o de celulares, os iPhones 17. Uma das principais novidades dessa linha \u00e9 a remo\u00e7\u00e3o definitiva do slot para chip f\u00edsico. Todos os modelos passar\u00e3o a utilizar o eSIM (embedded SIM), um chip virtual integrado ao aparelho que permite ativar e gerenciar o plano de celular de forma totalmente digital.<\/p>\n\n\n\n<p>Segundo o site A Tarde, a mudan\u00e7a tem como objetivo tornar a experi\u00eancia do usu\u00e1rio mais pr\u00e1tica e segura. Com o chip virtual, n\u00e3o ser\u00e1 mais necess\u00e1rio ir a uma loja para trocar de operadora ou ativar um novo n\u00famero \u2014 tudo poder\u00e1 ser feito online. Al\u00e9m da comodidade, o eSIM tamb\u00e9m aumenta a seguran\u00e7a dos dados do usu\u00e1rio.<\/p>\n\n\n\n<p>Integrado ao aparelho, o eSIM n\u00e3o pode ser removido, reduzindo os riscos de clonagem, perda ou roubo. Al\u00e9m disso, ao eliminar o slot para chip f\u00edsico, a Apple ganha espa\u00e7o interno, permitindo melhorias no design e nos componentes. Um exemplo \u00e9 o iPhone 17 Air, que \u00e9 mais compacto, mas ainda oferece espa\u00e7o para pe\u00e7as maiores, como uma bateria de maior capacidade.<\/p>\n\n\n\n<p>Al\u00e9m das mudan\u00e7as no hardware, a Apple tamb\u00e9m anunciou melhorias no software, com recursos avan\u00e7ados de conectividade e gest\u00e3o de planos. Os iPhones 17 chegam com processadores mais r\u00e1pidos, c\u00e2meras aprimoradas e fun\u00e7\u00f5es de intelig\u00eancia artificial capazes de otimizar o desempenho do aparelho e a experi\u00eancia do usu\u00e1rio.<\/p>\n\n\n\n<h2 class=\"wp-block-heading\">Quanto custam os novos iPhones da Apple<\/h2>\n\n\n\n<p>Os pre\u00e7os dos novos iPhones 17 no Brasil variam conforme o modelo e a capacidade de armazenamento, refletindo a alta carga tribut\u00e1ria e os custos de importa\u00e7\u00e3o. O modelo de entrada, iPhone 17 com 256 GB, est\u00e1 dispon\u00edvel por R$ 7.999,00. A vers\u00e3o de 512 GB custa R$ 9.499,00.<\/p>\n\n\n\n<p>O iPhone Air, modelo ultrafino da linha, tem pre\u00e7os a partir de R$ 10.499,00 para a vers\u00e3o de 256 GB, chegando a R$ 13.499,00 para a vers\u00e3o de 1 T. Para os modelos Pro, os pre\u00e7os come\u00e7am em R$ 11.499,00 para a vers\u00e3o de 256 GB do iPhone 17 Pro, podendo chegar at\u00e9 R$ 18.499,00 para a vers\u00e3o de 2 TB.<\/p>\n","protected":false},"excerpt":{"rendered":"<p>Na \u00faltima semana, a Apple apresentou a sua nova gera\u00e7\u00e3o de celulares, os iPhones 17. Uma das principais novidades dessa linha \u00e9 a remo\u00e7\u00e3o definitiva do slot para chip f\u00edsico. Todos os modelos passar\u00e3o a utilizar o eSIM (embedded SIM), um chip virtual integrado ao aparelho que permite ativar e gerenciar o plano de celular [&hellip;]<\/p>\n","protected":false},"author":4,"featured_media":1347,"comment_status":"open","ping_status":"open","sticky":false,"template":"","format":"standard","meta":{"jnews-multi-image_gallery":[],"jnews_single_post":{"format":"standard"},"jnews_primary_category":[],"jnews_social_meta":[],"jnews_post_split":[],"footnotes":""},"categories":[1],"tags":[],"class_list":["post-3908","post","type-post","status-publish","format-standard","has-post-thumbnail","hentry","category-uncategorized"],"_links":{"self":[{"href":"https:\/\/diariodepernambuco.audiencelabs.com.br\/wp-json\/wp\/v2\/posts\/3908","targetHints":{"allow":["GET"]}}],"collection":[{"href":"https:\/\/diariodepernambuco.audiencelabs.com.br\/wp-json\/wp\/v2\/posts"}],"about":[{"href":"https:\/\/diariodepernambuco.audiencelabs.com.br\/wp-json\/wp\/v2\/types\/post"}],"author":[{"embeddable":true,"href":"https:\/\/diariodepernambuco.audiencelabs.com.br\/wp-json\/wp\/v2\/users\/4"}],"replies":[{"embeddable":true,"href":"https:\/\/diariodepernambuco.audiencelabs.com.br\/wp-json\/wp\/v2\/comments?post=3908"}],"version-history":[{"count":2,"href":"https:\/\/diariodepernambuco.audiencelabs.com.br\/wp-json\/wp\/v2\/posts\/3908\/revisions"}],"predecessor-version":[{"id":3910,"href":"https:\/\/diariodepernambuco.audiencelabs.com.br\/wp-json\/wp\/v2\/posts\/3908\/revisions\/3910"}],"wp:featuredmedia":[{"embeddable":true,"href":"https:\/\/diariodepernambuco.audiencelabs.com.br\/wp-json\/wp\/v2\/media\/1347"}],"wp:attachment":[{"href":"https:\/\/diariodepernambuco.audiencelabs.com.br\/wp-json\/wp\/v2\/media?parent=3908"}],"wp:term":[{"taxonomy":"category","embeddable":true,"href":"https:\/\/diariodepernambuco.audiencelabs.com.br\/wp-json\/wp\/v2\/categories?post=3908"},{"taxonomy":"post_tag","embeddable":true,"href":"https:\/\/diariodepernambuco.audiencelabs.com.br\/wp-json\/wp\/v2\/tags?post=3908"}],"curies":[{"name":"wp","href":"https:\/\/api.w.org\/{rel}","templated":true}]}}