{"id":3915,"date":"2025-09-18T16:30:00","date_gmt":"2025-09-18T19:30:00","guid":{"rendered":"https:\/\/diariodepernambuco.audiencelabs.com.br\/?p=3915"},"modified":"2025-09-17T13:34:33","modified_gmt":"2025-09-17T16:34:33","slug":"bolsonaro-se-da-muito-mal-e-sofre-uma-nova-condenacao","status":"publish","type":"post","link":"https:\/\/diariodepernambuco.audiencelabs.com.br\/bolsonaro-se-da-muito-mal-e-sofre-uma-nova-condenacao\/","title":{"rendered":"Bolsonaro se d\u00e1 muito mal e sofre uma nova condena\u00e7\u00e3o"},"content":{"rendered":"\n<p>Menos de uma semana ap\u00f3s ser condenado pelo Supremo Tribunal Federal (STF) a 27 anos e tr\u00eas meses de pris\u00e3o por tentativa de golpe de Estado, o ex-presidente Jair Bolsonaro (PL) sofreu uma nova condena\u00e7\u00e3o na \u00faltima ter\u00e7a-feira (16), sendo obrigado a pagar R$ 1 milh\u00e3o em indeniza\u00e7\u00e3o por danos morais coletivos.<\/p>\n\n\n\n<p>O caso foi julgado pela 3\u00aa Turma do Tribunal Regional Federal da 4\u00aa Regi\u00e3o (TRF-4), em Porto Alegre, e envolvia declara\u00e7\u00f5es p\u00fablicas consideradas \u201cdiscriminat\u00f3rias e ofensivas a pessoas negras\u201d. A decis\u00e3o foi un\u00e2nime e a defesa ainda pode recorrer.<\/p>\n\n\n\n<p>O processo surgiu a partir de declara\u00e7\u00f5es de Bolsonaro dirigidas a um apoiador negro com cabelo black power, feitas em frente ao Pal\u00e1cio da Alvorada e tamb\u00e9m durante uma de suas lives nas redes sociais, quando ainda ocupava a presid\u00eancia. Na ocasi\u00e3o, ele comparou o cabelo do homem a um \u201ccriador de baratas\u201d e fez refer\u00eancia a piolhos, associando o estilo \u00e0 sujeira e a pragas.<\/p>\n\n\n\n<p>A a\u00e7\u00e3o civil p\u00fablica foi movida em 2021 pelo Minist\u00e9rio P\u00fablico Federal (MPF) e pela Defensoria P\u00fablica da Uni\u00e3o (DPU) contra Bolsonaro e a Uni\u00e3o. Os procuradores solicitaram que o ex-presidente fosse condenado a pagar R$ 5 milh\u00f5es em indeniza\u00e7\u00e3o coletiva, enquanto a Uni\u00e3o arcaria com R$ 10 milh\u00f5es. Ao final, tanto Bolsonaro quanto a Uni\u00e3o foram condenados a pagar R$ 1 milh\u00e3o cada.<\/p>\n\n\n\n<p>O relator do caso, desembargador federal Rog\u00e9rio Favreto, ressaltou que manifesta\u00e7\u00f5es feitas sob a forma de brincadeira \u2014 caracterizadas como racismo recreativo \u2014 refor\u00e7am estigmas raciais e perpetuam pr\u00e1ticas de desumaniza\u00e7\u00e3o que remontam ao per\u00edodo da escravid\u00e3o. O posicionamento dele foi acompanhado pelos outros dois magistrados da turma.<\/p>\n\n\n\n<p>Por se tratar de uma a\u00e7\u00e3o c\u00edvel, n\u00e3o havia possibilidade de aplica\u00e7\u00e3o de pena de pris\u00e3o. A defesa de Bolsonaro, conduzida pela advogada Karina Kufa, alegou que as declara\u00e7\u00f5es n\u00e3o tiveram car\u00e1ter racial e se limitaram a coment\u00e1rios sobre o comprimento do cabelo do interlocutor.<\/p>\n\n\n\n<p><\/p>\n","protected":false},"excerpt":{"rendered":"<p>Menos de uma semana ap\u00f3s ser condenado pelo Supremo Tribunal Federal (STF) a 27 anos e tr\u00eas meses de pris\u00e3o por tentativa de golpe de Estado, o ex-presidente Jair Bolsonaro (PL) sofreu uma nova condena\u00e7\u00e3o na \u00faltima ter\u00e7a-feira (16), sendo obrigado a pagar R$ 1 milh\u00e3o em indeniza\u00e7\u00e3o por danos morais coletivos. O caso foi [&hellip;]<\/p>\n","protected":false},"author":4,"featured_media":1497,"comment_status":"open","ping_status":"open","sticky":false,"template":"","format":"standard","meta":{"jnews-multi-image_gallery":[],"jnews_single_post":{"format":"standard"},"jnews_primary_category":[],"jnews_social_meta":[],"jnews_post_split":[],"footnotes":""},"categories":[1],"tags":[],"class_list":["post-3915","post","type-post","status-publish","format-standard","has-post-thumbnail","hentry","category-uncategorized"],"_links":{"self":[{"href":"https:\/\/diariodepernambuco.audiencelabs.com.br\/wp-json\/wp\/v2\/posts\/3915","targetHints":{"allow":["GET"]}}],"collection":[{"href":"https:\/\/diariodepernambuco.audiencelabs.com.br\/wp-json\/wp\/v2\/posts"}],"about":[{"href":"https:\/\/diariodepernambuco.audiencelabs.com.br\/wp-json\/wp\/v2\/types\/post"}],"author":[{"embeddable":true,"href":"https:\/\/diariodepernambuco.audiencelabs.com.br\/wp-json\/wp\/v2\/users\/4"}],"replies":[{"embeddable":true,"href":"https:\/\/diariodepernambuco.audiencelabs.com.br\/wp-json\/wp\/v2\/comments?post=3915"}],"version-history":[{"count":3,"href":"https:\/\/diariodepernambuco.audiencelabs.com.br\/wp-json\/wp\/v2\/posts\/3915\/revisions"}],"predecessor-version":[{"id":3918,"href":"https:\/\/diariodepernambuco.audiencelabs.com.br\/wp-json\/wp\/v2\/posts\/3915\/revisions\/3918"}],"wp:featuredmedia":[{"embeddable":true,"href":"https:\/\/diariodepernambuco.audiencelabs.com.br\/wp-json\/wp\/v2\/media\/1497"}],"wp:attachment":[{"href":"https:\/\/diariodepernambuco.audiencelabs.com.br\/wp-json\/wp\/v2\/media?parent=3915"}],"wp:term":[{"taxonomy":"category","embeddable":true,"href":"https:\/\/diariodepernambuco.audiencelabs.com.br\/wp-json\/wp\/v2\/categories?post=3915"},{"taxonomy":"post_tag","embeddable":true,"href":"https:\/\/diariodepernambuco.audiencelabs.com.br\/wp-json\/wp\/v2\/tags?post=3915"}],"curies":[{"name":"wp","href":"https:\/\/api.w.org\/{rel}","templated":true}]}}