{"id":3925,"date":"2025-09-18T18:30:00","date_gmt":"2025-09-18T21:30:00","guid":{"rendered":"https:\/\/diariodepernambuco.audiencelabs.com.br\/?p=3925"},"modified":"2025-09-17T14:02:04","modified_gmt":"2025-09-17T17:02:04","slug":"quem-trabalhar-no-enem-recebe-ate-r-900-por-dia","status":"publish","type":"post","link":"https:\/\/diariodepernambuco.audiencelabs.com.br\/quem-trabalhar-no-enem-recebe-ate-r-900-por-dia\/","title":{"rendered":"Quem trabalhar no Enem recebe at\u00e9 R$ 900 por dia"},"content":{"rendered":"\n<p>O Exame Nacional do Ensino M\u00e9dio (Enem) \u00e9 um dos maiores e mais importantes processos seletivos do pa\u00eds, mobilizando milhares de estudantes e profissionais a cada ano. Para garantir que a aplica\u00e7\u00e3o das provas ocorra de forma organizada e segura, o Inep contrata colaboradores tempor\u00e1rios para atuar em diversas fun\u00e7\u00f5es, como aplica\u00e7\u00e3o das provas, supervis\u00e3o e apoio log\u00edstico.<\/p>\n\n\n\n<p>Quem assumir esses cargos pode receber at\u00e9 R$ 900 por dia, tornando a oportunidade atraente para quem busca uma remunera\u00e7\u00e3o extra e experi\u00eancia em um evento de grande porte. Al\u00e9m da remunera\u00e7\u00e3o atrativa, os colaboradores do Enem tamb\u00e9m t\u00eam direito a benef\u00edcios como alimenta\u00e7\u00e3o e transporte, dependendo da fun\u00e7\u00e3o e da localidade em que atuam.<\/p>\n\n\n\n<p>As vagas s\u00e3o distribu\u00eddas entre diferentes cargos, incluindo aplicadores de prova, coordenadores de sala, fiscais e apoiadores log\u00edsticos, cada um com responsabilidades espec\u00edficas durante os dias de exame.<\/p>\n\n\n\n<p>Para se candidatar, os interessados devem atender aos requisitos estabelecidos pelo Inep, que geralmente incluem idade m\u00ednima, escolaridade compat\u00edvel e disponibilidade para os dois dias de aplica\u00e7\u00e3o das provas. O processo de sele\u00e7\u00e3o \u00e9 feito por meio de inscri\u00e7\u00e3o online, e os convocados recebem treinamento pr\u00e9vio para garantir que todas as normas e procedimentos do exame sejam seguidos.<\/p>\n\n\n\n<h2 class=\"wp-block-heading\">Cronograma do Enem 2025<\/h2>\n\n\n\n<p><strong>Provas:<\/strong><\/p>\n\n\n\n<ul class=\"wp-block-list\">\n<li>Aplica\u00e7\u00e3o geral: 9 e 16 de novembro de 2025<\/li>\n\n\n\n<li>Aplica\u00e7\u00e3o em Bel\u00e9m, Ananindeua e Marituba (PA): 30 de novembro e 7 de dezembro de 2025<\/li>\n\n\n\n<li>Reaplica\u00e7\u00e3o: 16 e 17 de dezembro de 2025<\/li>\n<\/ul>\n\n\n\n<p><strong>Divulga\u00e7\u00e3o do resultado:<\/strong> 16 de janeiro de 2026<\/p>\n\n\n\n<h2 class=\"wp-block-heading\">Dicas para se preparar para o ENEM<\/h2>\n\n\n\n<p>Monte um cronograma de estudos realista: Organize sua rotina semanal, dividindo o tempo entre as disciplinas e incluindo momentos para revis\u00e3o e descanso.<\/p>\n\n\n\n<p>Use provas anteriores como treino: Resolver quest\u00f5es de edi\u00e7\u00f5es passadas ajuda a familiarizar-se com o estilo da prova e a gerenciar o tempo durante o exame.<\/p>\n\n\n\n<p>Fa\u00e7a simulados com frequ\u00eancia: Simulados s\u00e3o essenciais para testar seus conhecimentos e identificar \u00e1reas que precisam de mais aten\u00e7\u00e3o.<\/p>\n\n\n\n<p>Treine reda\u00e7\u00e3o toda semana: A pr\u00e1tica constante \u00e9 fundamental para melhorar a escrita e atender aos crit\u00e9rios de avalia\u00e7\u00e3o da reda\u00e7\u00e3o.<\/p>\n\n\n\n<p>Cuide da sua sa\u00fade f\u00edsica e mental: Equilibre os estudos com momentos de lazer, alimenta\u00e7\u00e3o saud\u00e1vel e descanso para manter o foco e o bem-estar.<\/p>\n\n\n\n<p><\/p>\n","protected":false},"excerpt":{"rendered":"<p>O Exame Nacional do Ensino M\u00e9dio (Enem) \u00e9 um dos maiores e mais importantes processos seletivos do pa\u00eds, mobilizando milhares de estudantes e profissionais a cada ano. Para garantir que a aplica\u00e7\u00e3o das provas ocorra de forma organizada e segura, o Inep contrata colaboradores tempor\u00e1rios para atuar em diversas fun\u00e7\u00f5es, como aplica\u00e7\u00e3o das provas, supervis\u00e3o [&hellip;]<\/p>\n","protected":false},"author":4,"featured_media":3928,"comment_status":"open","ping_status":"open","sticky":false,"template":"","format":"standard","meta":{"jnews-multi-image_gallery":[],"jnews_single_post":{"format":"standard"},"jnews_primary_category":[],"jnews_social_meta":[],"jnews_post_split":[],"footnotes":""},"categories":[1],"tags":[],"class_list":["post-3925","post","type-post","status-publish","format-standard","has-post-thumbnail","hentry","category-uncategorized"],"_links":{"self":[{"href":"https:\/\/diariodepernambuco.audiencelabs.com.br\/wp-json\/wp\/v2\/posts\/3925","targetHints":{"allow":["GET"]}}],"collection":[{"href":"https:\/\/diariodepernambuco.audiencelabs.com.br\/wp-json\/wp\/v2\/posts"}],"about":[{"href":"https:\/\/diariodepernambuco.audiencelabs.com.br\/wp-json\/wp\/v2\/types\/post"}],"author":[{"embeddable":true,"href":"https:\/\/diariodepernambuco.audiencelabs.com.br\/wp-json\/wp\/v2\/users\/4"}],"replies":[{"embeddable":true,"href":"https:\/\/diariodepernambuco.audiencelabs.com.br\/wp-json\/wp\/v2\/comments?post=3925"}],"version-history":[{"count":3,"href":"https:\/\/diariodepernambuco.audiencelabs.com.br\/wp-json\/wp\/v2\/posts\/3925\/revisions"}],"predecessor-version":[{"id":3929,"href":"https:\/\/diariodepernambuco.audiencelabs.com.br\/wp-json\/wp\/v2\/posts\/3925\/revisions\/3929"}],"wp:featuredmedia":[{"embeddable":true,"href":"https:\/\/diariodepernambuco.audiencelabs.com.br\/wp-json\/wp\/v2\/media\/3928"}],"wp:attachment":[{"href":"https:\/\/diariodepernambuco.audiencelabs.com.br\/wp-json\/wp\/v2\/media?parent=3925"}],"wp:term":[{"taxonomy":"category","embeddable":true,"href":"https:\/\/diariodepernambuco.audiencelabs.com.br\/wp-json\/wp\/v2\/categories?post=3925"},{"taxonomy":"post_tag","embeddable":true,"href":"https:\/\/diariodepernambuco.audiencelabs.com.br\/wp-json\/wp\/v2\/tags?post=3925"}],"curies":[{"name":"wp","href":"https:\/\/api.w.org\/{rel}","templated":true}]}}