{"id":3981,"date":"2025-09-19T08:00:00","date_gmt":"2025-09-19T11:00:00","guid":{"rendered":"https:\/\/diariodepernambuco.audiencelabs.com.br\/?p=3981"},"modified":"2025-09-18T08:43:57","modified_gmt":"2025-09-18T11:43:57","slug":"salario-minimo-de-r4-500-foi-aprovado-e-confirmado","status":"publish","type":"post","link":"https:\/\/diariodepernambuco.audiencelabs.com.br\/salario-minimo-de-r4-500-foi-aprovado-e-confirmado\/","title":{"rendered":"Sal\u00e1rio m\u00ednimo de R$4.800 foi aprovado e confirmado"},"content":{"rendered":"\n<p>O piso salarial dos professores da rede p\u00fablica da educa\u00e7\u00e3o b\u00e1sica teve um reajuste de 6,27%. Com a nova regra, nenhum docente poder\u00e1 receber menos de R$ 4.867,77 mensais para uma carga hor\u00e1ria de 40 horas semanais. A atualiza\u00e7\u00e3o foi definida pelo Minist\u00e9rio da Educa\u00e7\u00e3o e oficializada em janeiro de 2025, no Di\u00e1rio Oficial da Uni\u00e3o.<\/p>\n\n\n\n<p>O cen\u00e1rio, por\u00e9m, pede aten\u00e7\u00e3o: de acordo com o MEC, os sal\u00e1rios dos professores s\u00e3o responsabilidade das redes de ensino, por isso cada estado e munic\u00edpio deve regulamentar o valor por meio de norma pr\u00f3pria. O pagamento \u00e9 feito com recursos do Fundeb, fundo que financia a educa\u00e7\u00e3o a partir de verbas dos governos federal, estaduais e municipais.<\/p>\n\n\n\n<p>O aumento superou a infla\u00e7\u00e3o oficial do \u00faltimo ano, de 4,83%, calculada pelo IPCA (\u00cdndice Nacional de Pre\u00e7os ao Consumidor Amplo). Desde 2008, a legisla\u00e7\u00e3o determina que o piso seja reajustado anualmente como forma de valorizar a carreira docente. Pela regra, o valor definido corresponde \u00e0 remunera\u00e7\u00e3o m\u00ednima para professores com forma\u00e7\u00e3o em n\u00edvel m\u00e9dio.<\/p>\n\n\n\n<p>Anualmente, o MEC \u00e9 respons\u00e1vel por calcular o \u00edndice de reajuste e divulgar, por meio de portaria, os novos valores previstos em lei. O c\u00e1lculo do piso segue a varia\u00e7\u00e3o do Valor Anual M\u00ednimo por Aluno (VAF m\u00ednimo), definido na terceira atualiza\u00e7\u00e3o do Fundeb, conforme determina a legisla\u00e7\u00e3o.<\/p>\n\n\n\n<h2 class=\"wp-block-heading\">O sal\u00e1rio m\u00ednimo dos professores no Brasil<\/h2>\n\n\n\n<p>\ud83d\udccc O piso salarial nacional dos professores da educa\u00e7\u00e3o b\u00e1sica p\u00fablica \u00e9 o valor m\u00ednimo que deve ser pago aos docentes com forma\u00e7\u00e3o em n\u00edvel m\u00e9dio, em jornada de 40 horas semanais.<\/p>\n\n\n\n<p>\ud83d\udccc Em 2025, o piso foi reajustado em 6,27%, chegando a R$ 4.867,77.<\/p>\n\n\n\n<p>\ud83d\udccc O c\u00e1lculo do reajuste \u00e9 feito anualmente pelo MEC, com base no crescimento do Valor Anual M\u00ednimo por Aluno (VAF m\u00ednimo) do Fundeb.<\/p>\n\n\n\n<p>\ud83d\udccc O piso \u00e9 obrigat\u00f3rio, mas cada estado e munic\u00edpio precisa regulamentar e publicar norma pr\u00f3pria para oficializar o valor.<\/p>\n\n\n\n<p>\ud83d\udccc O pagamento \u00e9 financiado com recursos do Fundeb, complementado por verbas federais, estaduais e municipais.<\/p>\n\n\n\n<p>\ud83d\udccc O objetivo do piso \u00e9 valorizar a carreira docente e reduzir desigualdades salariais entre redes de ensino.<\/p>\n\n\n\n<p><\/p>\n","protected":false},"excerpt":{"rendered":"<p>O piso salarial dos professores da rede p\u00fablica da educa\u00e7\u00e3o b\u00e1sica teve um reajuste de 6,27%. Com a nova regra, nenhum docente poder\u00e1 receber menos de R$ 4.867,77 mensais para uma carga hor\u00e1ria de 40 horas semanais. A atualiza\u00e7\u00e3o foi definida pelo Minist\u00e9rio da Educa\u00e7\u00e3o e oficializada em janeiro de 2025, no Di\u00e1rio Oficial da [&hellip;]<\/p>\n","protected":false},"author":4,"featured_media":1536,"comment_status":"open","ping_status":"open","sticky":false,"template":"","format":"standard","meta":{"jnews-multi-image_gallery":[],"jnews_single_post":{"format":"standard"},"jnews_primary_category":[],"jnews_social_meta":[],"jnews_post_split":[],"footnotes":""},"categories":[1],"tags":[],"class_list":["post-3981","post","type-post","status-publish","format-standard","has-post-thumbnail","hentry","category-uncategorized"],"_links":{"self":[{"href":"https:\/\/diariodepernambuco.audiencelabs.com.br\/wp-json\/wp\/v2\/posts\/3981","targetHints":{"allow":["GET"]}}],"collection":[{"href":"https:\/\/diariodepernambuco.audiencelabs.com.br\/wp-json\/wp\/v2\/posts"}],"about":[{"href":"https:\/\/diariodepernambuco.audiencelabs.com.br\/wp-json\/wp\/v2\/types\/post"}],"author":[{"embeddable":true,"href":"https:\/\/diariodepernambuco.audiencelabs.com.br\/wp-json\/wp\/v2\/users\/4"}],"replies":[{"embeddable":true,"href":"https:\/\/diariodepernambuco.audiencelabs.com.br\/wp-json\/wp\/v2\/comments?post=3981"}],"version-history":[{"count":2,"href":"https:\/\/diariodepernambuco.audiencelabs.com.br\/wp-json\/wp\/v2\/posts\/3981\/revisions"}],"predecessor-version":[{"id":3984,"href":"https:\/\/diariodepernambuco.audiencelabs.com.br\/wp-json\/wp\/v2\/posts\/3981\/revisions\/3984"}],"wp:featuredmedia":[{"embeddable":true,"href":"https:\/\/diariodepernambuco.audiencelabs.com.br\/wp-json\/wp\/v2\/media\/1536"}],"wp:attachment":[{"href":"https:\/\/diariodepernambuco.audiencelabs.com.br\/wp-json\/wp\/v2\/media?parent=3981"}],"wp:term":[{"taxonomy":"category","embeddable":true,"href":"https:\/\/diariodepernambuco.audiencelabs.com.br\/wp-json\/wp\/v2\/categories?post=3981"},{"taxonomy":"post_tag","embeddable":true,"href":"https:\/\/diariodepernambuco.audiencelabs.com.br\/wp-json\/wp\/v2\/tags?post=3981"}],"curies":[{"name":"wp","href":"https:\/\/api.w.org\/{rel}","templated":true}]}}