{"id":4002,"date":"2025-09-19T11:30:00","date_gmt":"2025-09-19T14:30:00","guid":{"rendered":"https:\/\/diariodepernambuco.audiencelabs.com.br\/?p=4002"},"modified":"2025-09-18T12:13:18","modified_gmt":"2025-09-18T15:13:18","slug":"itau-vive-crise-e-acaba-sendo-paralisado-por-sindicato","status":"publish","type":"post","link":"https:\/\/diariodepernambuco.audiencelabs.com.br\/itau-vive-crise-e-acaba-sendo-paralisado-por-sindicato\/","title":{"rendered":"Ita\u00fa vive crise e acaba sendo paralisado por sindicato"},"content":{"rendered":"\n<p>O Sindicato dos Banc\u00e1rios promoveu, na manh\u00e3 da \u00faltima quarta-feira (17), um protesto em frente ao Centro Empresarial do Ita\u00fa, no Jabaquara, zona sul de S\u00e3o Paulo, em rep\u00fadio \u00e0s demiss\u00f5es em massa ocorridas no \u00faltimo dia 8. Na ocasi\u00e3o, o banco dispensou cerca de mil funcion\u00e1rios, alegando \u201cproblemas de produtividade\u201d relacionados ao trabalho remoto.<\/p>\n\n\n\n<p>Parte dos funcion\u00e1rios demitidos participou do protesto no Centro Empresarial Ita\u00fa Concei\u00e7\u00e3o (Ceic), convocados pelo sindicato por meio de uma live realizada nesta semana. Devido ao tumulto, os trabalhadores n\u00e3o conseguiram acessar o pr\u00e9dio para cumprir suas atividades, e os manifestantes tamb\u00e9m bloquearam as entradas do local.<\/p>\n\n\n\n<p>Em nota, o Ita\u00fa reafirmou \u201cseu compromisso com o di\u00e1logo cont\u00ednuo e transparente sobre as condi\u00e7\u00f5es de trabalho\u201d. Sobre os desligamentos recentes, o banco informou que as decis\u00f5es foram tomadas &#8220;de forma criteriosa e individualizada&#8221; com base em &#8220;evid\u00eancias concretas de marca\u00e7\u00f5es simult\u00e2neas de horas extras e atividade digital incompat\u00edvel&#8221;.<\/p>\n\n\n\n<p>A decis\u00e3o do banco foi divulgada em 8 de setembro. Os funcion\u00e1rios demitidos tiveram suas atividades acompanhadas digitalmente por seis meses durante o trabalho remoto e foram dispensados sob a alega\u00e7\u00e3o de baixa produtividade. O sindicato, no entanto, questiona os crit\u00e9rios utilizados pelo Ita\u00fa.<\/p>\n\n\n\n<h2 class=\"wp-block-heading\">A nota completa do Ita\u00fa sobre o caso<\/h2>\n\n\n\n<p><em>&#8220;O Ita\u00fa Unibanco respeita o movimento realizado pelos sindicatos e reafirma seu compromisso com o di\u00e1logo cont\u00ednuo e transparente sobre as condi\u00e7\u00f5es de trabalho.<\/em><\/p>\n\n\n\n<p><em>Em rela\u00e7\u00e3o aos desligamentos recentes, o banco reitera que as decis\u00f5es foram tomadas de forma criteriosa e individualizada, com base em evid\u00eancias concretas de marca\u00e7\u00f5es simult\u00e2neas de horas extras e atividade digital incompat\u00edvel com a jornada registrada, configurando quebra de confian\u00e7a.<\/em><\/p>\n\n\n\n<p><em>O Ita\u00fa Unibanco refor\u00e7a que atua com responsabilidade e equidade nas rela\u00e7\u00f5es de trabalho, sempre buscando preservar a integridade dos processos e o respeito aos colaboradores.&#8221;<\/em><\/p>\n\n\n\n<p><\/p>\n","protected":false},"excerpt":{"rendered":"<p>O Sindicato dos Banc\u00e1rios promoveu, na manh\u00e3 da \u00faltima quarta-feira (17), um protesto em frente ao Centro Empresarial do Ita\u00fa, no Jabaquara, zona sul de S\u00e3o Paulo, em rep\u00fadio \u00e0s demiss\u00f5es em massa ocorridas no \u00faltimo dia 8. Na ocasi\u00e3o, o banco dispensou cerca de mil funcion\u00e1rios, alegando \u201cproblemas de produtividade\u201d relacionados ao trabalho remoto. [&hellip;]<\/p>\n","protected":false},"author":4,"featured_media":1907,"comment_status":"open","ping_status":"open","sticky":false,"template":"","format":"standard","meta":{"jnews-multi-image_gallery":[],"jnews_single_post":{"format":"standard"},"jnews_primary_category":[],"jnews_social_meta":[],"jnews_post_split":[],"footnotes":""},"categories":[1],"tags":[],"class_list":["post-4002","post","type-post","status-publish","format-standard","has-post-thumbnail","hentry","category-uncategorized"],"_links":{"self":[{"href":"https:\/\/diariodepernambuco.audiencelabs.com.br\/wp-json\/wp\/v2\/posts\/4002","targetHints":{"allow":["GET"]}}],"collection":[{"href":"https:\/\/diariodepernambuco.audiencelabs.com.br\/wp-json\/wp\/v2\/posts"}],"about":[{"href":"https:\/\/diariodepernambuco.audiencelabs.com.br\/wp-json\/wp\/v2\/types\/post"}],"author":[{"embeddable":true,"href":"https:\/\/diariodepernambuco.audiencelabs.com.br\/wp-json\/wp\/v2\/users\/4"}],"replies":[{"embeddable":true,"href":"https:\/\/diariodepernambuco.audiencelabs.com.br\/wp-json\/wp\/v2\/comments?post=4002"}],"version-history":[{"count":2,"href":"https:\/\/diariodepernambuco.audiencelabs.com.br\/wp-json\/wp\/v2\/posts\/4002\/revisions"}],"predecessor-version":[{"id":4004,"href":"https:\/\/diariodepernambuco.audiencelabs.com.br\/wp-json\/wp\/v2\/posts\/4002\/revisions\/4004"}],"wp:featuredmedia":[{"embeddable":true,"href":"https:\/\/diariodepernambuco.audiencelabs.com.br\/wp-json\/wp\/v2\/media\/1907"}],"wp:attachment":[{"href":"https:\/\/diariodepernambuco.audiencelabs.com.br\/wp-json\/wp\/v2\/media?parent=4002"}],"wp:term":[{"taxonomy":"category","embeddable":true,"href":"https:\/\/diariodepernambuco.audiencelabs.com.br\/wp-json\/wp\/v2\/categories?post=4002"},{"taxonomy":"post_tag","embeddable":true,"href":"https:\/\/diariodepernambuco.audiencelabs.com.br\/wp-json\/wp\/v2\/tags?post=4002"}],"curies":[{"name":"wp","href":"https:\/\/api.w.org\/{rel}","templated":true}]}}