{"id":4073,"date":"2025-09-19T18:30:00","date_gmt":"2025-09-19T21:30:00","guid":{"rendered":"https:\/\/diariodepernambuco.audiencelabs.com.br\/?p=4073"},"modified":"2025-09-19T12:42:32","modified_gmt":"2025-09-19T15:42:32","slug":"brasileiros-podem-solicitar-e-realizar-saque-de-r-62-mil","status":"publish","type":"post","link":"https:\/\/diariodepernambuco.audiencelabs.com.br\/brasileiros-podem-solicitar-e-realizar-saque-de-r-62-mil\/","title":{"rendered":"Brasileiros podem solicitar e realizar saque de R$ 6,2 mil"},"content":{"rendered":"\n<p>Brasileiros que tiveram perdas em decorr\u00eancia de situa\u00e7\u00f5es de emerg\u00eancia ou estado de calamidade p\u00fablica podem solicitar o saque-calamidade do Fundo de Garantia do Tempo de Servi\u00e7o (FGTS), que libera at\u00e9 R$ 6,2 mil por trabalhador. O benef\u00edcio pode ser requerido at\u00e9 o dia 23 de setembro, dentro do prazo estabelecido pela Caixa Econ\u00f4mica Federal.<\/p>\n\n\n\n<p>Para ter acesso ao recurso, \u00e9 necess\u00e1rio que o munic\u00edpio onde o trabalhador reside tenha o decreto de calamidade p\u00fablica ou de situa\u00e7\u00e3o de emerg\u00eancia reconhecido pelo governo federal. A solicita\u00e7\u00e3o pode ser feita diretamente pelo aplicativo FGTS, sem a necessidade de ir at\u00e9 uma ag\u00eancia banc\u00e1ria, o que torna o processo mais \u00e1gil e seguro.<\/p>\n\n\n\n<p>Durante o pedido, o cidad\u00e3o deve enviar documentos pessoais, comprovante de resid\u00eancia atualizado e demais informa\u00e7\u00f5es exigidas. Ap\u00f3s a an\u00e1lise e aprova\u00e7\u00e3o, o valor \u00e9 liberado e pode ser movimentado pela conta Caixa Tem ou transferido para outra institui\u00e7\u00e3o financeira.<\/p>\n\n\n\n<p>O saque-calamidade \u00e9 uma medida criada para auxiliar financeiramente fam\u00edlias atingidas por enchentes, deslizamentos, secas ou outras ocorr\u00eancias graves, garantindo um suporte emergencial em momentos de maior vulnerabilidade.<\/p>\n\n\n\n<h2 class=\"wp-block-heading\">Lista de munic\u00edpios com o saque-calamidade<\/h2>\n\n\n\n<ul class=\"wp-block-list\">\n<li>Passo de Camaragibe (AL)<\/li>\n\n\n\n<li>Caapiranga (AM)<\/li>\n\n\n\n<li>Japur\u00e1 (AM)<\/li>\n\n\n\n<li>Mara\u00e3 (AM)<\/li>\n\n\n\n<li>S\u00e3o Paulo de Oliven\u00e7a (AM)<\/li>\n\n\n\n<li>Guimar\u00e3es (AM)<\/li>\n\n\n\n<li>Presidente Sarney (MA)<\/li>\n\n\n\n<li>Curu\u00e1 (PA)<\/li>\n\n\n\n<li>Maracan\u00e3 (PA)<\/li>\n\n\n\n<li>Palestina do Par\u00e1 (PA)<\/li>\n\n\n\n<li>Quatipuru (PA)<\/li>\n\n\n\n<li>S\u00e3o Jos\u00e9 da Coroa Grande (PE)<\/li>\n\n\n\n<li>Itaqui (RS)<\/li>\n\n\n\n<li>Ma\u00e7ambara (RS)<\/li>\n\n\n\n<li>Mostardas (RS)<\/li>\n\n\n\n<li>Quevedos (RS)<\/li>\n\n\n\n<li>S\u00e3o Francisco de Assis (RS)<\/li>\n\n\n\n<li>S\u00e3o Francisco de Paula (RS)<\/li>\n\n\n\n<li>Soledade (RS)<\/li>\n\n\n\n<li>Toropi (RS)<\/li>\n<\/ul>\n\n\n\n<h2 class=\"wp-block-heading\">Como solicitar o saque-calamidade<\/h2>\n\n\n\n<ul class=\"wp-block-list\">\n<li>Baixar o aplicativo FGTS (dispon\u00edvel para Android e iOS) e fazer login com a conta Gov.br.<\/li>\n<\/ul>\n\n\n\n<ul class=\"wp-block-list\">\n<li>No menu inicial, clicar em \u201cMeus Saques\u201d.<\/li>\n<\/ul>\n\n\n\n<ul class=\"wp-block-list\">\n<li>Selecionar a op\u00e7\u00e3o \u201cOutras situa\u00e7\u00f5es de saque\u201d e depois \u201cCalamidade p\u00fablica\u201d.<\/li>\n<\/ul>\n\n\n\n<ul class=\"wp-block-list\">\n<li>Informar o munic\u00edpio onde mora e confirmar se h\u00e1 decreto de calamidade reconhecido pelo governo federal.<\/li>\n<\/ul>\n\n\n\n<ul class=\"wp-block-list\">\n<li>Escolher a forma de recebimento: cr\u00e9dito em conta da Caixa ou em conta de outro banco.<\/li>\n<\/ul>\n\n\n\n<ul class=\"wp-block-list\">\n<li>Enviar a documenta\u00e7\u00e3o exigida:<\/li>\n<\/ul>\n\n\n\n<ul class=\"wp-block-list\">\n<li>Documento de identidade (RG ou CNH);<\/li>\n\n\n\n<li>Selfie segurando o documento;<\/li>\n\n\n\n<li>Comprovante de resid\u00eancia (emitido at\u00e9 120 dias antes do decreto de calamidade).<\/li>\n<\/ul>\n\n\n\n<p><\/p>\n","protected":false},"excerpt":{"rendered":"<p>Brasileiros que tiveram perdas em decorr\u00eancia de situa\u00e7\u00f5es de emerg\u00eancia ou estado de calamidade p\u00fablica podem solicitar o saque-calamidade do Fundo de Garantia do Tempo de Servi\u00e7o (FGTS), que libera at\u00e9 R$ 6,2 mil por trabalhador. O benef\u00edcio pode ser requerido at\u00e9 o dia 23 de setembro, dentro do prazo estabelecido pela Caixa Econ\u00f4mica Federal. [&hellip;]<\/p>\n","protected":false},"author":4,"featured_media":2129,"comment_status":"open","ping_status":"open","sticky":false,"template":"","format":"standard","meta":{"jnews-multi-image_gallery":[],"jnews_single_post":{"format":"standard"},"jnews_primary_category":[],"jnews_social_meta":[],"jnews_post_split":[],"footnotes":""},"categories":[1],"tags":[],"class_list":["post-4073","post","type-post","status-publish","format-standard","has-post-thumbnail","hentry","category-uncategorized"],"_links":{"self":[{"href":"https:\/\/diariodepernambuco.audiencelabs.com.br\/wp-json\/wp\/v2\/posts\/4073","targetHints":{"allow":["GET"]}}],"collection":[{"href":"https:\/\/diariodepernambuco.audiencelabs.com.br\/wp-json\/wp\/v2\/posts"}],"about":[{"href":"https:\/\/diariodepernambuco.audiencelabs.com.br\/wp-json\/wp\/v2\/types\/post"}],"author":[{"embeddable":true,"href":"https:\/\/diariodepernambuco.audiencelabs.com.br\/wp-json\/wp\/v2\/users\/4"}],"replies":[{"embeddable":true,"href":"https:\/\/diariodepernambuco.audiencelabs.com.br\/wp-json\/wp\/v2\/comments?post=4073"}],"version-history":[{"count":2,"href":"https:\/\/diariodepernambuco.audiencelabs.com.br\/wp-json\/wp\/v2\/posts\/4073\/revisions"}],"predecessor-version":[{"id":4085,"href":"https:\/\/diariodepernambuco.audiencelabs.com.br\/wp-json\/wp\/v2\/posts\/4073\/revisions\/4085"}],"wp:featuredmedia":[{"embeddable":true,"href":"https:\/\/diariodepernambuco.audiencelabs.com.br\/wp-json\/wp\/v2\/media\/2129"}],"wp:attachment":[{"href":"https:\/\/diariodepernambuco.audiencelabs.com.br\/wp-json\/wp\/v2\/media?parent=4073"}],"wp:term":[{"taxonomy":"category","embeddable":true,"href":"https:\/\/diariodepernambuco.audiencelabs.com.br\/wp-json\/wp\/v2\/categories?post=4073"},{"taxonomy":"post_tag","embeddable":true,"href":"https:\/\/diariodepernambuco.audiencelabs.com.br\/wp-json\/wp\/v2\/tags?post=4073"}],"curies":[{"name":"wp","href":"https:\/\/api.w.org\/{rel}","templated":true}]}}