{"id":4088,"date":"2025-09-19T19:00:00","date_gmt":"2025-09-19T22:00:00","guid":{"rendered":"https:\/\/diariodepernambuco.audiencelabs.com.br\/?p=4088"},"modified":"2025-09-19T12:55:56","modified_gmt":"2025-09-19T15:55:56","slug":"horario-de-verao-realmente-voltou-ao-brasil","status":"publish","type":"post","link":"https:\/\/diariodepernambuco.audiencelabs.com.br\/horario-de-verao-realmente-voltou-ao-brasil\/","title":{"rendered":"Hor\u00e1rio de ver\u00e3o realmente voltou ao Brasil?"},"content":{"rendered":"\n<p>O debate sobre a volta do hor\u00e1rio de ver\u00e3o voltou a ganhar for\u00e7a no Brasil nos \u00faltimos meses, gerando d\u00favidas entre a popula\u00e7\u00e3o sobre sua real implementa\u00e7\u00e3o. A medida, que durante anos adiantava os rel\u00f3gios em uma hora para aproveitar melhor a luz natural e economizar energia, foi suspensa em 2019 e, desde ent\u00e3o, surgem especula\u00e7\u00f5es sobre seu poss\u00edvel retorno.<\/p>\n\n\n\n<p>Mas afinal, o hor\u00e1rio de ver\u00e3o realmente voltou a vigorar no pa\u00eds ou trata-se apenas de rumores? At\u00e9 o momento, o governo federal n\u00e3o confirmou a retomada oficial do hor\u00e1rio de ver\u00e3o no Brasil. A discuss\u00e3o voltou \u00e0 tona por conta de pedidos de setores como o turismo e o com\u00e9rcio, que defendem que a mudan\u00e7a nos rel\u00f3gios pode estimular a economia e ampliar o consumo.<\/p>\n\n\n\n<p>Por outro lado, estudos do setor el\u00e9trico apontam que a medida deixou de gerar impacto significativo na redu\u00e7\u00e3o do consumo de energia, j\u00e1 que a matriz energ\u00e9tica e os h\u00e1bitos da popula\u00e7\u00e3o mudaram nos \u00faltimos anos. Assim, apesar das especula\u00e7\u00f5es e da press\u00e3o de alguns segmentos, o pa\u00eds continua sem hor\u00e1rio de ver\u00e3o em vigor, e qualquer altera\u00e7\u00e3o depender\u00e1 de nova decis\u00e3o governamental.<\/p>\n\n\n\n<p>Especialistas lembram ainda que o hor\u00e1rio de ver\u00e3o tem impactos distintos conforme a regi\u00e3o do pa\u00eds. Enquanto no Sul e no Sudeste a diferen\u00e7a de luminosidade ao longo do dia poderia justificar a medida, em \u00e1reas como o Norte e o Nordeste os efeitos s\u00e3o m\u00ednimos, o que levanta questionamentos sobre sua real efic\u00e1cia em \u00e2mbito nacional.<\/p>\n\n\n\n<p>Al\u00e9m disso, h\u00e1 debates sobre poss\u00edveis preju\u00edzos \u00e0 sa\u00fade, j\u00e1 que a mudan\u00e7a nos rel\u00f3gios pode afetar o sono e o bem-estar de parte da popula\u00e7\u00e3o. Dessa forma, o retorno do hor\u00e1rio de ver\u00e3o segue como um tema em aberto, dividido entre interesses econ\u00f4micos, impactos sociais e a necessidade de avalia\u00e7\u00e3o t\u00e9cnica antes de qualquer decis\u00e3o oficial.<\/p>\n","protected":false},"excerpt":{"rendered":"<p>O debate sobre a volta do hor\u00e1rio de ver\u00e3o voltou a ganhar for\u00e7a no Brasil nos \u00faltimos meses, gerando d\u00favidas entre a popula\u00e7\u00e3o sobre sua real implementa\u00e7\u00e3o. A medida, que durante anos adiantava os rel\u00f3gios em uma hora para aproveitar melhor a luz natural e economizar energia, foi suspensa em 2019 e, desde ent\u00e3o, surgem [&hellip;]<\/p>\n","protected":false},"author":4,"featured_media":4090,"comment_status":"open","ping_status":"open","sticky":false,"template":"","format":"standard","meta":{"jnews-multi-image_gallery":[],"jnews_single_post":{"format":"standard"},"jnews_primary_category":[],"jnews_social_meta":[],"jnews_post_split":[],"footnotes":""},"categories":[1],"tags":[],"class_list":["post-4088","post","type-post","status-publish","format-standard","has-post-thumbnail","hentry","category-uncategorized"],"_links":{"self":[{"href":"https:\/\/diariodepernambuco.audiencelabs.com.br\/wp-json\/wp\/v2\/posts\/4088","targetHints":{"allow":["GET"]}}],"collection":[{"href":"https:\/\/diariodepernambuco.audiencelabs.com.br\/wp-json\/wp\/v2\/posts"}],"about":[{"href":"https:\/\/diariodepernambuco.audiencelabs.com.br\/wp-json\/wp\/v2\/types\/post"}],"author":[{"embeddable":true,"href":"https:\/\/diariodepernambuco.audiencelabs.com.br\/wp-json\/wp\/v2\/users\/4"}],"replies":[{"embeddable":true,"href":"https:\/\/diariodepernambuco.audiencelabs.com.br\/wp-json\/wp\/v2\/comments?post=4088"}],"version-history":[{"count":2,"href":"https:\/\/diariodepernambuco.audiencelabs.com.br\/wp-json\/wp\/v2\/posts\/4088\/revisions"}],"predecessor-version":[{"id":4092,"href":"https:\/\/diariodepernambuco.audiencelabs.com.br\/wp-json\/wp\/v2\/posts\/4088\/revisions\/4092"}],"wp:featuredmedia":[{"embeddable":true,"href":"https:\/\/diariodepernambuco.audiencelabs.com.br\/wp-json\/wp\/v2\/media\/4090"}],"wp:attachment":[{"href":"https:\/\/diariodepernambuco.audiencelabs.com.br\/wp-json\/wp\/v2\/media?parent=4088"}],"wp:term":[{"taxonomy":"category","embeddable":true,"href":"https:\/\/diariodepernambuco.audiencelabs.com.br\/wp-json\/wp\/v2\/categories?post=4088"},{"taxonomy":"post_tag","embeddable":true,"href":"https:\/\/diariodepernambuco.audiencelabs.com.br\/wp-json\/wp\/v2\/tags?post=4088"}],"curies":[{"name":"wp","href":"https:\/\/api.w.org\/{rel}","templated":true}]}}