{"id":4093,"date":"2025-09-19T20:00:00","date_gmt":"2025-09-19T23:00:00","guid":{"rendered":"https:\/\/diariodepernambuco.audiencelabs.com.br\/?p=4093"},"modified":"2025-09-19T16:39:51","modified_gmt":"2025-09-19T19:39:51","slug":"revelado-quem-e-o-favorito-da-direita-para-enfrentar-lula-em-2026","status":"publish","type":"post","link":"https:\/\/diariodepernambuco.audiencelabs.com.br\/revelado-quem-e-o-favorito-da-direita-para-enfrentar-lula-em-2026\/","title":{"rendered":"Revelado quem \u00e9 o favorito da direita para enfrentar Lula em 2026"},"content":{"rendered":"\n<p>As pesquisas mais recentes de inten\u00e7\u00e3o de voto para a elei\u00e7\u00e3o presidencial de 2026 indicam que, a um ano do pleito, o presidente Luiz In\u00e1cio Lula da Silva (PT) aparece em vantagem sobre seus concorrentes. O levantamento Genial\/Quaest, realizado em setembro, <a href=\"https:\/\/www.diariodepernambuco.com.br\/politica\/2025\/09\/11696082-genial-quaest-lula-tem-43-e-tarcisio-35-em-eventual-2-turno-presidencial.html\" data-type=\"link\" data-id=\"https:\/\/www.diariodepernambuco.com.br\/politica\/2025\/09\/11696082-genial-quaest-lula-tem-43-e-tarcisio-35-em-eventual-2-turno-presidencial.html\" target=\"_blank\" rel=\"noopener\">aponta o atual chefe do Executivo \u00e0 frente de todos os poss\u00edveis advers\u00e1rios na corrida pelo Planalto<\/a>.<\/p>\n\n\n\n<p>Entre os nomes da oposi\u00e7\u00e3o com melhor desempenho est\u00e3o a ex-primeira-dama Michelle Bolsonaro, o governador de S\u00e3o Paulo, Tarc\u00edsio de Freitas (Republicanos), e o governador do Paran\u00e1, Ratinho J\u00fanior (PSD), que apresentam as menores diferen\u00e7as em rela\u00e7\u00e3o a Lula nas simula\u00e7\u00f5es de segundo turno.<\/p>\n\n\n\n<p>Dos tr\u00eas, \u00e9 Tarc\u00edsio de Freitas quem larga na frente, visto a inegibilidade e condena\u00e7\u00e3o do ex-presidente Jair Bolsonaro. Em um poss\u00edvel segundo turno entre Lula e o atual governador de S\u00e3o Paulo, o petista tem 43% das inten\u00e7\u00f5es de voto contra 35% de Tarc\u00edsio. Indecisos somaram 3% e 19% afirmaram que votar\u00e3o em branco\/nulo.<\/p>\n\n\n\n<p>Ratinho Jr. e Michele Bolsonaro somaram 32% das inten\u00e7\u00f5es em um cen\u00e1rio de segundo turno contra Lula. A diferen\u00e7a para a ex-primeira dama, no entanto, \u00e9 maior do que a pro governador do Paran\u00e1: 15 pontos percentuais contra 12, respectivamente.<\/p>\n\n\n\n<h2 class=\"wp-block-heading\">Os poss\u00edveis cen\u00e1rios de segundo turno para Lula<\/h2>\n\n\n\n<p><strong>Lula x Ciro<\/strong><\/p>\n\n\n\n<ul class=\"wp-block-list\">\n<li>Lula: 40%;<\/li>\n\n\n\n<li>Ciro Gomes: 33%;<\/li>\n\n\n\n<li>Indecisos: 3%;<\/li>\n\n\n\n<li>Branco\/nulo\/n\u00e3o vai votar: 24%.<\/li>\n<\/ul>\n\n\n\n<p><strong>Lula x Tarc\u00edsio<\/strong><\/p>\n\n\n\n<ul class=\"wp-block-list\">\n<li>Lula: 43%;<\/li>\n\n\n\n<li>Tarc\u00edsio de Freitas: 35%;<\/li>\n\n\n\n<li>Indecisos: 3%;<\/li>\n\n\n\n<li>Branco\/nulo\/n\u00e3o vai votar: 19%.<\/li>\n<\/ul>\n\n\n\n<p><strong>Lula x Ratinho Jr.<\/strong><\/p>\n\n\n\n<ul class=\"wp-block-list\">\n<li>Lula: 44%;<\/li>\n\n\n\n<li>Ratinho Jr.: 32%;<\/li>\n\n\n\n<li>Indecisos: 3%;<\/li>\n\n\n\n<li>Branco\/nulo\/n\u00e3o vai votar: 21%.<\/li>\n<\/ul>\n\n\n\n<p><strong>Lula x Bolsonaro<\/strong><\/p>\n\n\n\n<ul class=\"wp-block-list\">\n<li>Lula: 47%;<\/li>\n\n\n\n<li>Jair Bolsonaro: 34%;<\/li>\n\n\n\n<li>Indecisos: 2%;<\/li>\n\n\n\n<li>Branco\/nulo\/n\u00e3o vai votar: 17%.<\/li>\n<\/ul>\n\n\n\n<p><strong>Lula x Zema<\/strong><\/p>\n\n\n\n<ul class=\"wp-block-list\">\n<li>Lula: 45%;<\/li>\n\n\n\n<li>Romeu Zema: 32%;<\/li>\n\n\n\n<li>Indecisos: 4%;<\/li>\n\n\n\n<li>Branco\/nulo\/n\u00e3o vai votar: 19%.<\/li>\n<\/ul>\n\n\n\n<p><strong>Lula x Michelle<\/strong><\/p>\n\n\n\n<ul class=\"wp-block-list\">\n<li>Lula: 47%;<\/li>\n\n\n\n<li>Michelle Bolsonaro: 32%;<\/li>\n\n\n\n<li>Indecisos: 3%;<\/li>\n\n\n\n<li>Branco\/nulo\/n\u00e3o vai votar: 18%.<\/li>\n<\/ul>\n\n\n\n<p><strong>Lula x Caiado<\/strong><\/p>\n\n\n\n<ul class=\"wp-block-list\">\n<li>Lula: 46%;<\/li>\n\n\n\n<li>Ronaldo Caiado: 31%;<\/li>\n\n\n\n<li>Indecisos: 3%;<\/li>\n\n\n\n<li>Branco\/nulo\/n\u00e3o vai votar: 20%.<\/li>\n<\/ul>\n\n\n\n<p><strong>Lula x Eduardo<\/strong><\/p>\n\n\n\n<ul class=\"wp-block-list\">\n<li>Lula: 47%;<\/li>\n\n\n\n<li>Eduardo Bolsonaro: 29%;<\/li>\n\n\n\n<li>Indecisos: 3%;<\/li>\n\n\n\n<li>Branco\/nulo\/n\u00e3o vai votar: 21%.<\/li>\n<\/ul>\n\n\n\n<p><strong>Lula x Leite<\/strong><\/p>\n\n\n\n<ul class=\"wp-block-list\">\n<li>Lula: 45%;<\/li>\n\n\n\n<li>Eduardo Leite: 26%;<\/li>\n\n\n\n<li>Indecisos: 4%;<\/li>\n\n\n\n<li>Branco\/nulo\/n\u00e3o vai votar: 25%.<\/li>\n<\/ul>\n\n\n\n<p><\/p>\n","protected":false},"excerpt":{"rendered":"<p>As pesquisas mais recentes de inten\u00e7\u00e3o de voto para a elei\u00e7\u00e3o presidencial de 2026 indicam que, a um ano do pleito, o presidente Luiz In\u00e1cio Lula da Silva (PT) aparece em vantagem sobre seus concorrentes. O levantamento Genial\/Quaest, realizado em setembro, aponta o atual chefe do Executivo \u00e0 frente de todos os poss\u00edveis advers\u00e1rios na [&hellip;]<\/p>\n","protected":false},"author":4,"featured_media":0,"comment_status":"open","ping_status":"open","sticky":false,"template":"","format":"standard","meta":{"jnews-multi-image_gallery":[],"jnews_single_post":{"format":"standard"},"jnews_primary_category":[],"jnews_social_meta":[],"jnews_post_split":[],"footnotes":""},"categories":[1],"tags":[],"class_list":["post-4093","post","type-post","status-publish","format-standard","hentry","category-uncategorized"],"_links":{"self":[{"href":"https:\/\/diariodepernambuco.audiencelabs.com.br\/wp-json\/wp\/v2\/posts\/4093","targetHints":{"allow":["GET"]}}],"collection":[{"href":"https:\/\/diariodepernambuco.audiencelabs.com.br\/wp-json\/wp\/v2\/posts"}],"about":[{"href":"https:\/\/diariodepernambuco.audiencelabs.com.br\/wp-json\/wp\/v2\/types\/post"}],"author":[{"embeddable":true,"href":"https:\/\/diariodepernambuco.audiencelabs.com.br\/wp-json\/wp\/v2\/users\/4"}],"replies":[{"embeddable":true,"href":"https:\/\/diariodepernambuco.audiencelabs.com.br\/wp-json\/wp\/v2\/comments?post=4093"}],"version-history":[{"count":3,"href":"https:\/\/diariodepernambuco.audiencelabs.com.br\/wp-json\/wp\/v2\/posts\/4093\/revisions"}],"predecessor-version":[{"id":4097,"href":"https:\/\/diariodepernambuco.audiencelabs.com.br\/wp-json\/wp\/v2\/posts\/4093\/revisions\/4097"}],"wp:attachment":[{"href":"https:\/\/diariodepernambuco.audiencelabs.com.br\/wp-json\/wp\/v2\/media?parent=4093"}],"wp:term":[{"taxonomy":"category","embeddable":true,"href":"https:\/\/diariodepernambuco.audiencelabs.com.br\/wp-json\/wp\/v2\/categories?post=4093"},{"taxonomy":"post_tag","embeddable":true,"href":"https:\/\/diariodepernambuco.audiencelabs.com.br\/wp-json\/wp\/v2\/tags?post=4093"}],"curies":[{"name":"wp","href":"https:\/\/api.w.org\/{rel}","templated":true}]}}