{"id":4098,"date":"2025-09-21T06:11:00","date_gmt":"2025-09-21T09:11:00","guid":{"rendered":"https:\/\/diariodepernambuco.audiencelabs.com.br\/?p=4098"},"modified":"2025-09-19T13:45:02","modified_gmt":"2025-09-19T16:45:02","slug":"picante-2-atores-da-globo-resolveram-abrir-seus-relacionamentos","status":"publish","type":"post","link":"https:\/\/diariodepernambuco.audiencelabs.com.br\/picante-2-atores-da-globo-resolveram-abrir-seus-relacionamentos\/","title":{"rendered":"Picante? 2 atores da Globo resolveram abrir seu relacionamento"},"content":{"rendered":"\n<p>A separa\u00e7\u00e3o dos atores Mateus Solano e Paula Braun surpreendeu apenas quem n\u00e3o acompanhava de perto a vida do ex-casal. Ap\u00f3s 17 anos juntos, eles j\u00e1 vinham enfrentando dificuldades e tentando manter o relacionamento. Em uma das tentativas, decidiram adotar um casamento aberto.<\/p>\n\n\n\n<p>Nos \u00faltimos meses, por\u00e9m, Solano passou longas temporadas distante de casa devido \u00e0s viagens com seu mon\u00f3logo \u201cO Figurante\u201d, o que acabou contribuindo para o afastamento definitivo. Vivendo sozinha no Rio, Paula Braun j\u00e1 havia engatado um novo romance e chegou a ser vista aos beijos com o affair durante uma festa de blocos no bairro da Gl\u00f3ria, no in\u00edcio de julho.<\/p>\n\n\n\n<p>A rela\u00e7\u00e3o, inclusive, n\u00e3o era novidade para amigos e pessoas pr\u00f3ximas \u00e0 atriz. No come\u00e7o de agosto, Solano e Paula fizeram uma viagem em fam\u00edlia com os filhos para Bonito, no Mato Grosso do Sul. J\u00e1 no \u00faltimo Dia dos Namorados, os dois chegaram a trocar mensagens carinhosas nas redes sociais. O casamento, no entanto, chegou mesmo ao fim nessa semana.<\/p>\n\n\n\n<p>Na quarta-feira (17), o casal surpreendeu os f\u00e3s ao anunciar o fim do casamento de 17 anos. No comunicado, afirmaram que j\u00e1 n\u00e3o estavam juntos \u201ch\u00e1 algum tempo\u201d, mas ressaltaram que mant\u00eam uma rela\u00e7\u00e3o de proximidade por conta da cria\u00e7\u00e3o dos filhos, Flora e Benjamin, de 14 e 10 anos.<\/p>\n\n\n\n<h2 class=\"wp-block-heading\">Veja o texto publicado pelo agora ex-casal<\/h2>\n\n\n\n<p><em>&#8220;Com o cora\u00e7\u00e3o tranquilo viemos comunicar que a nossa rela\u00e7\u00e3o se transformou e j\u00e1 n\u00e3o somos mais um casal h\u00e1 algum tempo. Ap\u00f3s 17 anos juntos seguimos preservando nossa parceria com carinho e muito amor na cria\u00e7\u00e3o de nossos filhos, torcendo um pelo outro e com futuros planos profissionais juntos.<\/em><\/p>\n\n\n\n<p><em>Seguimos a nossa hist\u00f3ria, que n\u00e3o termina, mas se transforma. Agradecemos o carinho, a compreens\u00e3o e especialmente por prezarem nossa privacidade e a de nossos filhos.&#8221;<\/em><\/p>\n\n\n\n<p><\/p>\n","protected":false},"excerpt":{"rendered":"<p>A separa\u00e7\u00e3o dos atores Mateus Solano e Paula Braun surpreendeu apenas quem n\u00e3o acompanhava de perto a vida do ex-casal. Ap\u00f3s 17 anos juntos, eles j\u00e1 vinham enfrentando dificuldades e tentando manter o relacionamento. Em uma das tentativas, decidiram adotar um casamento aberto. Nos \u00faltimos meses, por\u00e9m, Solano passou longas temporadas distante de casa devido [&hellip;]<\/p>\n","protected":false},"author":4,"featured_media":4100,"comment_status":"open","ping_status":"open","sticky":false,"template":"","format":"standard","meta":{"jnews-multi-image_gallery":[],"jnews_single_post":{"format":"standard"},"jnews_primary_category":[],"jnews_social_meta":[],"jnews_post_split":[],"footnotes":""},"categories":[1],"tags":[],"class_list":["post-4098","post","type-post","status-publish","format-standard","has-post-thumbnail","hentry","category-uncategorized"],"_links":{"self":[{"href":"https:\/\/diariodepernambuco.audiencelabs.com.br\/wp-json\/wp\/v2\/posts\/4098","targetHints":{"allow":["GET"]}}],"collection":[{"href":"https:\/\/diariodepernambuco.audiencelabs.com.br\/wp-json\/wp\/v2\/posts"}],"about":[{"href":"https:\/\/diariodepernambuco.audiencelabs.com.br\/wp-json\/wp\/v2\/types\/post"}],"author":[{"embeddable":true,"href":"https:\/\/diariodepernambuco.audiencelabs.com.br\/wp-json\/wp\/v2\/users\/4"}],"replies":[{"embeddable":true,"href":"https:\/\/diariodepernambuco.audiencelabs.com.br\/wp-json\/wp\/v2\/comments?post=4098"}],"version-history":[{"count":3,"href":"https:\/\/diariodepernambuco.audiencelabs.com.br\/wp-json\/wp\/v2\/posts\/4098\/revisions"}],"predecessor-version":[{"id":4102,"href":"https:\/\/diariodepernambuco.audiencelabs.com.br\/wp-json\/wp\/v2\/posts\/4098\/revisions\/4102"}],"wp:featuredmedia":[{"embeddable":true,"href":"https:\/\/diariodepernambuco.audiencelabs.com.br\/wp-json\/wp\/v2\/media\/4100"}],"wp:attachment":[{"href":"https:\/\/diariodepernambuco.audiencelabs.com.br\/wp-json\/wp\/v2\/media?parent=4098"}],"wp:term":[{"taxonomy":"category","embeddable":true,"href":"https:\/\/diariodepernambuco.audiencelabs.com.br\/wp-json\/wp\/v2\/categories?post=4098"},{"taxonomy":"post_tag","embeddable":true,"href":"https:\/\/diariodepernambuco.audiencelabs.com.br\/wp-json\/wp\/v2\/tags?post=4098"}],"curies":[{"name":"wp","href":"https:\/\/api.w.org\/{rel}","templated":true}]}}