{"id":4103,"date":"2025-09-21T11:24:00","date_gmt":"2025-09-21T14:24:00","guid":{"rendered":"https:\/\/diariodepernambuco.audiencelabs.com.br\/?p=4103"},"modified":"2025-09-19T13:53:33","modified_gmt":"2025-09-19T16:53:33","slug":"trabalho-de-segunda-a-sexta-nao-vai-mais-existir","status":"publish","type":"post","link":"https:\/\/diariodepernambuco.audiencelabs.com.br\/trabalho-de-segunda-a-sexta-nao-vai-mais-existir\/","title":{"rendered":"Trabalho de segunda a sexta n\u00e3o vai mais existir?"},"content":{"rendered":"\n<p>Nos \u00faltimos anos, a tradicional rotina de trabalho de segunda a sexta-feira come\u00e7ou a ser questionada por empresas e especialistas em gest\u00e3o de pessoas, que buscam modelos mais flex\u00edveis e eficientes. Uma das alternativas em discuss\u00e3o \u00e9 a escala 4&#215;3, em que os funcion\u00e1rios trabalham quatro dias seguidos e t\u00eam tr\u00eas dias de folga, mantendo a carga hor\u00e1ria semanal.<\/p>\n\n\n\n<p>A proposta promete maior qualidade de vida e produtividade, mas levanta d\u00favidas sobre como seria implementada em diferentes setores e se poderia substituir de vez o modelo cl\u00e1ssico de cinco dias por semana. A escala 4&#215;3 j\u00e1 vem sendo testada por algumas empresas, principalmente em \u00e1reas que exigem alta concentra\u00e7\u00e3o e criatividade, como tecnologia, marketing e servi\u00e7os digitais.<\/p>\n\n\n\n<p>Os defensores do modelo destacam que ele pode reduzir o estresse, melhorar a sa\u00fade mental e permitir que os funcion\u00e1rios conciliem melhor vida pessoal e trabalho. Por outro lado, cr\u00edticos apontam desafios na adapta\u00e7\u00e3o de setores que demandam presen\u00e7a cont\u00ednua, como ind\u00fastria, com\u00e9rcio e servi\u00e7os essenciais, al\u00e9m de quest\u00f5es relacionadas \u00e0 sobrecarga em dias de trabalho mais longos.<\/p>\n\n\n\n<p>Dessa forma, embora a ideia desperte interesse, especialistas afirmam que a ado\u00e7\u00e3o generalizada ainda depende de ajustes legais, culturais e operacionais. Al\u00e9m disso, a implementa\u00e7\u00e3o da escala 4&#215;3 envolve mudan\u00e7as na legisla\u00e7\u00e3o trabalhista e na negocia\u00e7\u00e3o de acordos coletivos, j\u00e1 que \u00e9 preciso garantir que a carga hor\u00e1ria e os direitos dos trabalhadores sejam respeitados.<\/p>\n\n\n\n<p>Empresas tamb\u00e9m precisam avaliar cuidadosamente a log\u00edstica, a comunica\u00e7\u00e3o interna e o impacto sobre clientes e fornecedores para que a transi\u00e7\u00e3o n\u00e3o prejudique a produtividade ou a qualidade dos servi\u00e7os. Apesar dos desafios, a discuss\u00e3o sobre novos modelos de trabalho reflete uma tend\u00eancia global: repensar a rotina tradicional em busca de maior equil\u00edbrio entre efici\u00eancia, bem-estar e flexibilidade.<\/p>\n\n\n\n<p><\/p>\n","protected":false},"excerpt":{"rendered":"<p>Nos \u00faltimos anos, a tradicional rotina de trabalho de segunda a sexta-feira come\u00e7ou a ser questionada por empresas e especialistas em gest\u00e3o de pessoas, que buscam modelos mais flex\u00edveis e eficientes. Uma das alternativas em discuss\u00e3o \u00e9 a escala 4&#215;3, em que os funcion\u00e1rios trabalham quatro dias seguidos e t\u00eam tr\u00eas dias de folga, mantendo [&hellip;]<\/p>\n","protected":false},"author":4,"featured_media":1785,"comment_status":"open","ping_status":"open","sticky":false,"template":"","format":"standard","meta":{"jnews-multi-image_gallery":[],"jnews_single_post":[],"jnews_primary_category":[],"jnews_social_meta":[],"jnews_post_split":[],"footnotes":""},"categories":[1],"tags":[],"class_list":["post-4103","post","type-post","status-publish","format-standard","has-post-thumbnail","hentry","category-uncategorized"],"_links":{"self":[{"href":"https:\/\/diariodepernambuco.audiencelabs.com.br\/wp-json\/wp\/v2\/posts\/4103","targetHints":{"allow":["GET"]}}],"collection":[{"href":"https:\/\/diariodepernambuco.audiencelabs.com.br\/wp-json\/wp\/v2\/posts"}],"about":[{"href":"https:\/\/diariodepernambuco.audiencelabs.com.br\/wp-json\/wp\/v2\/types\/post"}],"author":[{"embeddable":true,"href":"https:\/\/diariodepernambuco.audiencelabs.com.br\/wp-json\/wp\/v2\/users\/4"}],"replies":[{"embeddable":true,"href":"https:\/\/diariodepernambuco.audiencelabs.com.br\/wp-json\/wp\/v2\/comments?post=4103"}],"version-history":[{"count":2,"href":"https:\/\/diariodepernambuco.audiencelabs.com.br\/wp-json\/wp\/v2\/posts\/4103\/revisions"}],"predecessor-version":[{"id":4105,"href":"https:\/\/diariodepernambuco.audiencelabs.com.br\/wp-json\/wp\/v2\/posts\/4103\/revisions\/4105"}],"wp:featuredmedia":[{"embeddable":true,"href":"https:\/\/diariodepernambuco.audiencelabs.com.br\/wp-json\/wp\/v2\/media\/1785"}],"wp:attachment":[{"href":"https:\/\/diariodepernambuco.audiencelabs.com.br\/wp-json\/wp\/v2\/media?parent=4103"}],"wp:term":[{"taxonomy":"category","embeddable":true,"href":"https:\/\/diariodepernambuco.audiencelabs.com.br\/wp-json\/wp\/v2\/categories?post=4103"},{"taxonomy":"post_tag","embeddable":true,"href":"https:\/\/diariodepernambuco.audiencelabs.com.br\/wp-json\/wp\/v2\/tags?post=4103"}],"curies":[{"name":"wp","href":"https:\/\/api.w.org\/{rel}","templated":true}]}}