{"id":4142,"date":"2025-09-22T08:00:00","date_gmt":"2025-09-22T11:00:00","guid":{"rendered":"https:\/\/diariodepernambuco.audiencelabs.com.br\/?p=4142"},"modified":"2025-09-21T19:05:23","modified_gmt":"2025-09-21T22:05:23","slug":"eduardo-bolsonaro-e-acusado-de-ser-traidor-da-patria","status":"publish","type":"post","link":"https:\/\/diariodepernambuco.audiencelabs.com.br\/eduardo-bolsonaro-e-acusado-de-ser-traidor-da-patria\/","title":{"rendered":"Eduardo Bolsonaro \u00e9 acusado de ser traidor da p\u00e1tria"},"content":{"rendered":"\n<p>A Pol\u00edcia Federal (PF) abriu um Processo Administrativo Disciplinar (PAD) para apurar a conduta do deputado federal Eduardo Bolsonaro (PL-SP) durante sua atua\u00e7\u00e3o nos Estados Unidos. A iniciativa foi motivada por uma representa\u00e7\u00e3o apresentada pelo deputado Guilherme Boulos (PSOL-SP), que pediu a investiga\u00e7\u00e3o de poss\u00edveis crimes contra a soberania nacional e contra o Estado Democr\u00e1tico de Direito.<\/p>\n\n\n\n<p>Eduardo Bolsonaro \u00e9 escriv\u00e3o da PF, atualmente licenciado para cumprir seu mandato na C\u00e2mara dos Deputados. Se o processo tiver continuidade, as poss\u00edveis penalidades v\u00e3o desde advert\u00eancia e suspens\u00e3o at\u00e9 cassa\u00e7\u00e3o da aposentadoria, disponibilidade ou mesmo demiss\u00e3o. Em situa\u00e7\u00f5es mais graves, a Lei da Inelegibilidade determina que o servidor fique impedido de se candidatar por oito anos.<\/p>\n\n\n\n<p>Atrav\u00e9s de suas redes sociais, Boulos celebrou a decis\u00e3o da Pol\u00edcia Federal: &#8220;GRANDE NOT\u00cdCIA! A Pol\u00edcia Federal aceitou nossa representa\u00e7\u00e3o e abriu processo para demitir Eduardo Bolsonaro do cargo de escriv\u00e3o por trai\u00e7\u00e3o \u00e0 p\u00e1tria. Eles blindam de um lado, a gente vai pra cima de outro!&#8221;, escreveu o parlamentar do PSOL.<\/p>\n\n\n\n<p>No pedido de abertura do processo, Boulos solicitou a exonera\u00e7\u00e3o de Eduardo, argumentando que o parlamentar teria praticado crimes como coa\u00e7\u00e3o no curso do processo, obstru\u00e7\u00e3o de investiga\u00e7\u00e3o ligada a organiza\u00e7\u00e3o criminosa, tentativa de aboli\u00e7\u00e3o violenta do Estado Democr\u00e1tico de Direito e delitos contra a soberania nacional.<\/p>\n\n\n\n<p>O filho de Jair Bolsonaro est\u00e1 nos Estados Unidos desde fevereiro. De acordo com ele, sua estadia no pa\u00eds tem dois prop\u00f3sitos: articular apoio com o presidente Donald Trump em defesa de uma anistia para os investigados pelos atos de 8 de janeiro de 2023 e pressionar pela aplica\u00e7\u00e3o de san\u00e7\u00f5es contra o ministro Alexandre de Moraes, do STF.<\/p>\n\n\n\n<p><\/p>\n","protected":false},"excerpt":{"rendered":"<p>A Pol\u00edcia Federal (PF) abriu um Processo Administrativo Disciplinar (PAD) para apurar a conduta do deputado federal Eduardo Bolsonaro (PL-SP) durante sua atua\u00e7\u00e3o nos Estados Unidos. A iniciativa foi motivada por uma representa\u00e7\u00e3o apresentada pelo deputado Guilherme Boulos (PSOL-SP), que pediu a investiga\u00e7\u00e3o de poss\u00edveis crimes contra a soberania nacional e contra o Estado Democr\u00e1tico [&hellip;]<\/p>\n","protected":false},"author":4,"featured_media":4144,"comment_status":"open","ping_status":"open","sticky":false,"template":"","format":"standard","meta":{"jnews-multi-image_gallery":[],"jnews_single_post":{"format":"standard"},"jnews_primary_category":[],"jnews_social_meta":[],"jnews_post_split":[],"footnotes":""},"categories":[1],"tags":[],"class_list":["post-4142","post","type-post","status-publish","format-standard","has-post-thumbnail","hentry","category-uncategorized"],"_links":{"self":[{"href":"https:\/\/diariodepernambuco.audiencelabs.com.br\/wp-json\/wp\/v2\/posts\/4142","targetHints":{"allow":["GET"]}}],"collection":[{"href":"https:\/\/diariodepernambuco.audiencelabs.com.br\/wp-json\/wp\/v2\/posts"}],"about":[{"href":"https:\/\/diariodepernambuco.audiencelabs.com.br\/wp-json\/wp\/v2\/types\/post"}],"author":[{"embeddable":true,"href":"https:\/\/diariodepernambuco.audiencelabs.com.br\/wp-json\/wp\/v2\/users\/4"}],"replies":[{"embeddable":true,"href":"https:\/\/diariodepernambuco.audiencelabs.com.br\/wp-json\/wp\/v2\/comments?post=4142"}],"version-history":[{"count":2,"href":"https:\/\/diariodepernambuco.audiencelabs.com.br\/wp-json\/wp\/v2\/posts\/4142\/revisions"}],"predecessor-version":[{"id":4146,"href":"https:\/\/diariodepernambuco.audiencelabs.com.br\/wp-json\/wp\/v2\/posts\/4142\/revisions\/4146"}],"wp:featuredmedia":[{"embeddable":true,"href":"https:\/\/diariodepernambuco.audiencelabs.com.br\/wp-json\/wp\/v2\/media\/4144"}],"wp:attachment":[{"href":"https:\/\/diariodepernambuco.audiencelabs.com.br\/wp-json\/wp\/v2\/media?parent=4142"}],"wp:term":[{"taxonomy":"category","embeddable":true,"href":"https:\/\/diariodepernambuco.audiencelabs.com.br\/wp-json\/wp\/v2\/categories?post=4142"},{"taxonomy":"post_tag","embeddable":true,"href":"https:\/\/diariodepernambuco.audiencelabs.com.br\/wp-json\/wp\/v2\/tags?post=4142"}],"curies":[{"name":"wp","href":"https:\/\/api.w.org\/{rel}","templated":true}]}}