{"id":4147,"date":"2025-09-22T09:00:00","date_gmt":"2025-09-22T12:00:00","guid":{"rendered":"https:\/\/diariodepernambuco.audiencelabs.com.br\/?p=4147"},"modified":"2025-09-22T11:47:07","modified_gmt":"2025-09-22T14:47:07","slug":"inss-faz-gentileza-e-libera-pagamentos-para-milhares-de-brasileiros","status":"publish","type":"post","link":"https:\/\/diariodepernambuco.audiencelabs.com.br\/inss-faz-gentileza-e-libera-pagamentos-para-milhares-de-brasileiros\/","title":{"rendered":"INSS libera pagamentos para milhares de brasileiros"},"content":{"rendered":"\n<p>Os benefici\u00e1rios do INSS (Instituto Nacional do Seguro Social) come\u00e7am a receber, a partir desta quarta-feira (24), os valores referentes ao m\u00eas de setembro. O calend\u00e1rio de pagamentos segue a ordem do d\u00edgito final do n\u00famero de benef\u00edcio.<\/p>\n\n\n\n<p>Os segurados que recebem at\u00e9 um sal\u00e1rio m\u00ednimo e t\u00eam benef\u00edcio com final entre 1 e 5 ter\u00e3o o pagamento realizado nos \u00faltimos cinco dias \u00fateis de setembro. J\u00e1 aqueles com renda acima do piso, assim como os que recebem o m\u00ednimo e possuem benef\u00edcio terminado em 6 a 0, receber\u00e3o nos cinco primeiros dias \u00fateis de outubro.<\/p>\n\n\n\n<p>Para saber o dia exato do pagamento, \u00e9 preciso verificar o \u00faltimo algarismo do n\u00famero do benef\u00edcio, localizado antes do tra\u00e7o. Por exemplo, no n\u00famero 123-4, o d\u00edgito considerado \u00e9 o 3. Essa informa\u00e7\u00e3o est\u00e1 dispon\u00edvel na carta de concess\u00e3o ou no extrato de pagamento, acess\u00edvel pelos aplicativos do INSS em celulares Android e iOS.<\/p>\n\n\n\n<p>Quem preferir tamb\u00e9m pode consultar pela Central 135, que funciona de segunda a s\u00e1bado, das 7h \u00e0s 22h. Com o d\u00edgito final identificado, basta consultar o calend\u00e1rio de pagamentos do ano em vigor para verificar a data correspondente \u00e0 sua faixa de renda. Vale destacar que os dep\u00f3sitos s\u00e3o realizados somente em dias \u00fateis, sem considerar finais de semana e feriados.<\/p>\n\n\n\n<h2 class=\"wp-block-heading\">Calend\u00e1rio de dep\u00f3sitos do INSS \u2013 at\u00e9 um sal\u00e1rio m\u00ednimo<\/h2>\n\n\n\n<ul class=\"wp-block-list\">\n<li>Final 1: 25\/09<\/li>\n\n\n\n<li>Final 2: 26\/09<\/li>\n\n\n\n<li>Final 3: 29\/09<\/li>\n\n\n\n<li>Final 4: 30\/09<\/li>\n\n\n\n<li>Final 5: 01\/10<\/li>\n\n\n\n<li>Final 6: 02\/10<\/li>\n\n\n\n<li>Final 7: 03\/10<\/li>\n\n\n\n<li>Final 8: 06\/10<\/li>\n\n\n\n<li>Final 9: 07\/10<\/li>\n\n\n\n<li>Final 0: 08\/10<\/li>\n<\/ul>\n\n\n\n<h2 class=\"wp-block-heading\">Calend\u00e1rio de dep\u00f3sitos do INSS \u2013 acima de um sal\u00e1rio m\u00ednimo<\/h2>\n\n\n\n<ul class=\"wp-block-list\">\n<li>Finais 1 e 6: 01\/10<\/li>\n\n\n\n<li>Finais 2 e 7: 02\/10<\/li>\n\n\n\n<li>Finais 3 e 8: 03\/10<\/li>\n\n\n\n<li>Finais 4 e 9: 06\/10<\/li>\n\n\n\n<li>Finais 5 e 0: 07\/10<\/li>\n<\/ul>\n\n\n\n<p><\/p>\n","protected":false},"excerpt":{"rendered":"<p>Os benefici\u00e1rios do INSS (Instituto Nacional do Seguro Social) come\u00e7am a receber, a partir desta quarta-feira (24), os valores referentes ao m\u00eas de setembro. O calend\u00e1rio de pagamentos segue a ordem do d\u00edgito final do n\u00famero de benef\u00edcio. Os segurados que recebem at\u00e9 um sal\u00e1rio m\u00ednimo e t\u00eam benef\u00edcio com final entre 1 e 5 [&hellip;]<\/p>\n","protected":false},"author":4,"featured_media":919,"comment_status":"open","ping_status":"open","sticky":false,"template":"","format":"standard","meta":{"jnews-multi-image_gallery":[],"jnews_single_post":[],"jnews_primary_category":[],"jnews_social_meta":[],"jnews_post_split":[],"footnotes":""},"categories":[1],"tags":[],"class_list":["post-4147","post","type-post","status-publish","format-standard","has-post-thumbnail","hentry","category-uncategorized"],"_links":{"self":[{"href":"https:\/\/diariodepernambuco.audiencelabs.com.br\/wp-json\/wp\/v2\/posts\/4147","targetHints":{"allow":["GET"]}}],"collection":[{"href":"https:\/\/diariodepernambuco.audiencelabs.com.br\/wp-json\/wp\/v2\/posts"}],"about":[{"href":"https:\/\/diariodepernambuco.audiencelabs.com.br\/wp-json\/wp\/v2\/types\/post"}],"author":[{"embeddable":true,"href":"https:\/\/diariodepernambuco.audiencelabs.com.br\/wp-json\/wp\/v2\/users\/4"}],"replies":[{"embeddable":true,"href":"https:\/\/diariodepernambuco.audiencelabs.com.br\/wp-json\/wp\/v2\/comments?post=4147"}],"version-history":[{"count":4,"href":"https:\/\/diariodepernambuco.audiencelabs.com.br\/wp-json\/wp\/v2\/posts\/4147\/revisions"}],"predecessor-version":[{"id":4257,"href":"https:\/\/diariodepernambuco.audiencelabs.com.br\/wp-json\/wp\/v2\/posts\/4147\/revisions\/4257"}],"wp:featuredmedia":[{"embeddable":true,"href":"https:\/\/diariodepernambuco.audiencelabs.com.br\/wp-json\/wp\/v2\/media\/919"}],"wp:attachment":[{"href":"https:\/\/diariodepernambuco.audiencelabs.com.br\/wp-json\/wp\/v2\/media?parent=4147"}],"wp:term":[{"taxonomy":"category","embeddable":true,"href":"https:\/\/diariodepernambuco.audiencelabs.com.br\/wp-json\/wp\/v2\/categories?post=4147"},{"taxonomy":"post_tag","embeddable":true,"href":"https:\/\/diariodepernambuco.audiencelabs.com.br\/wp-json\/wp\/v2\/tags?post=4147"}],"curies":[{"name":"wp","href":"https:\/\/api.w.org\/{rel}","templated":true}]}}