{"id":4162,"date":"2025-09-22T11:30:00","date_gmt":"2025-09-22T14:30:00","guid":{"rendered":"https:\/\/diariodepernambuco.audiencelabs.com.br\/?p=4162"},"modified":"2025-09-21T19:49:12","modified_gmt":"2025-09-21T22:49:12","slug":"volta-do-horario-de-verao-e-verdade-que-o-brasil-vai-ter","status":"publish","type":"post","link":"https:\/\/diariodepernambuco.audiencelabs.com.br\/volta-do-horario-de-verao-e-verdade-que-o-brasil-vai-ter\/","title":{"rendered":"Volta do hor\u00e1rio de ver\u00e3o: \u00e9 verdade que o Brasil vai ter?"},"content":{"rendered":"\n<p>O debate sobre o retorno do hor\u00e1rio de ver\u00e3o no Brasil tem ganhado destaque nos \u00faltimos meses, gerando d\u00favidas na popula\u00e7\u00e3o sobre sua efetiva implementa\u00e7\u00e3o. A pr\u00e1tica, que por anos adiantava os rel\u00f3gios em uma hora para aproveitar melhor a luz natural e economizar energia, foi suspensa em 2019, e desde ent\u00e3o surgem especula\u00e7\u00f5es sobre seu poss\u00edvel retorno.<\/p>\n\n\n\n<p>Mas o hor\u00e1rio de ver\u00e3o voltou a vigorar no pa\u00eds ou s\u00e3o apenas rumores? At\u00e9 o momento, o governo federal n\u00e3o anunciou oficialmente a retomada da medida. A discuss\u00e3o ressurgiu principalmente por pedidos de setores como turismo e com\u00e9rcio, que argumentam que a mudan\u00e7a nos rel\u00f3gios pode impulsionar a economia e aumentar o consumo.<\/p>\n\n\n\n<p>Por outro lado, estudos do setor el\u00e9trico indicam que o hor\u00e1rio de ver\u00e3o deixou de ter impacto significativo na redu\u00e7\u00e3o do consumo de energia, devido \u00e0s mudan\u00e7as na matriz energ\u00e9tica e nos h\u00e1bitos da popula\u00e7\u00e3o nos \u00faltimos anos. Dessa forma, apesar das especula\u00e7\u00f5es e da press\u00e3o de alguns setores, o pa\u00eds segue sem a medida em vigor.<\/p>\n\n\n\n<p>Especialistas tamb\u00e9m destacam que os efeitos do hor\u00e1rio de ver\u00e3o variam conforme a regi\u00e3o. Enquanto no Sul e no Sudeste a diferen\u00e7a de luminosidade ao longo do dia poderia justificar a ado\u00e7\u00e3o da medida, em regi\u00f5es como Norte e Nordeste os impactos s\u00e3o m\u00ednimos, colocando em d\u00favida sua efic\u00e1cia em n\u00edvel nacional.<\/p>\n\n\n\n<p>Al\u00e9m disso, existem discuss\u00f5es sobre os poss\u00edveis impactos \u00e0 sa\u00fade, j\u00e1 que a altera\u00e7\u00e3o dos rel\u00f3gios pode interferir no sono e no bem-estar de parte da popula\u00e7\u00e3o. Assim, o retorno do hor\u00e1rio de ver\u00e3o permanece um tema em aberto, equilibrando interesses econ\u00f4micos, efeitos sociais e a necessidade de avalia\u00e7\u00e3o t\u00e9cnica antes de qualquer decis\u00e3o oficial.<\/p>\n\n\n\n<p><\/p>\n","protected":false},"excerpt":{"rendered":"<p>O debate sobre o retorno do hor\u00e1rio de ver\u00e3o no Brasil tem ganhado destaque nos \u00faltimos meses, gerando d\u00favidas na popula\u00e7\u00e3o sobre sua efetiva implementa\u00e7\u00e3o. A pr\u00e1tica, que por anos adiantava os rel\u00f3gios em uma hora para aproveitar melhor a luz natural e economizar energia, foi suspensa em 2019, e desde ent\u00e3o surgem especula\u00e7\u00f5es sobre [&hellip;]<\/p>\n","protected":false},"author":4,"featured_media":4090,"comment_status":"open","ping_status":"open","sticky":false,"template":"","format":"standard","meta":{"jnews-multi-image_gallery":[],"jnews_single_post":{"format":"standard"},"jnews_primary_category":[],"jnews_social_meta":[],"jnews_post_split":[],"footnotes":""},"categories":[1],"tags":[],"class_list":["post-4162","post","type-post","status-publish","format-standard","has-post-thumbnail","hentry","category-uncategorized"],"_links":{"self":[{"href":"https:\/\/diariodepernambuco.audiencelabs.com.br\/wp-json\/wp\/v2\/posts\/4162","targetHints":{"allow":["GET"]}}],"collection":[{"href":"https:\/\/diariodepernambuco.audiencelabs.com.br\/wp-json\/wp\/v2\/posts"}],"about":[{"href":"https:\/\/diariodepernambuco.audiencelabs.com.br\/wp-json\/wp\/v2\/types\/post"}],"author":[{"embeddable":true,"href":"https:\/\/diariodepernambuco.audiencelabs.com.br\/wp-json\/wp\/v2\/users\/4"}],"replies":[{"embeddable":true,"href":"https:\/\/diariodepernambuco.audiencelabs.com.br\/wp-json\/wp\/v2\/comments?post=4162"}],"version-history":[{"count":2,"href":"https:\/\/diariodepernambuco.audiencelabs.com.br\/wp-json\/wp\/v2\/posts\/4162\/revisions"}],"predecessor-version":[{"id":4165,"href":"https:\/\/diariodepernambuco.audiencelabs.com.br\/wp-json\/wp\/v2\/posts\/4162\/revisions\/4165"}],"wp:featuredmedia":[{"embeddable":true,"href":"https:\/\/diariodepernambuco.audiencelabs.com.br\/wp-json\/wp\/v2\/media\/4090"}],"wp:attachment":[{"href":"https:\/\/diariodepernambuco.audiencelabs.com.br\/wp-json\/wp\/v2\/media?parent=4162"}],"wp:term":[{"taxonomy":"category","embeddable":true,"href":"https:\/\/diariodepernambuco.audiencelabs.com.br\/wp-json\/wp\/v2\/categories?post=4162"},{"taxonomy":"post_tag","embeddable":true,"href":"https:\/\/diariodepernambuco.audiencelabs.com.br\/wp-json\/wp\/v2\/tags?post=4162"}],"curies":[{"name":"wp","href":"https:\/\/api.w.org\/{rel}","templated":true}]}}