{"id":4166,"date":"2025-09-22T12:30:00","date_gmt":"2025-09-22T15:30:00","guid":{"rendered":"https:\/\/diariodepernambuco.audiencelabs.com.br\/?p=4166"},"modified":"2025-09-21T20:49:00","modified_gmt":"2025-09-21T23:49:00","slug":"separe-seu-porquinho-quanto-voce-precisa-guardar-pra-se-aposentar-com-r-5-mil-por-mes","status":"publish","type":"post","link":"https:\/\/diariodepernambuco.audiencelabs.com.br\/separe-seu-porquinho-quanto-voce-precisa-guardar-pra-se-aposentar-com-r-5-mil-por-mes\/","title":{"rendered":"Separe seu porquinho: quanto voc\u00ea precisa guardar pra se aposentar com R$ 5 mil por m\u00eas?"},"content":{"rendered":"\n<p>Planejar a aposentadoria \u00e9 um passo essencial para garantir seguran\u00e7a financeira no futuro, mas muita gente ainda se pergunta quanto \u00e9 necess\u00e1rio poupar para manter o padr\u00e3o de vida desejado. Se a meta \u00e9 receber R$ 5 mil por m\u00eas quando se aposentar, \u00e9 preciso entender fatores como tempo de contribui\u00e7\u00e3o, rendimentos dos investimentos e infla\u00e7\u00e3o.<\/p>\n\n\n\n<p>Neste texto, vamos mostrar como calcular o valor que voc\u00ea deve guardar ao longo dos anos para transformar esse objetivo em realidade. Para come\u00e7ar, \u00e9 importante definir o horizonte de tempo at\u00e9 a aposentadoria. Quanto mais cedo voc\u00ea iniciar os aportes, menor ser\u00e1 o valor necess\u00e1rio para investir mensalmente, gra\u00e7as ao efeito dos juros compostos, que fazem seu dinheiro crescer de forma exponencial ao longo dos anos.<\/p>\n\n\n\n<p>Al\u00e9m disso, \u00e9 fundamental considerar a rentabilidade esperada dos investimentos, que pode variar conforme o tipo de aplica\u00e7\u00e3o escolhida \u2014 renda fixa, fundos, previd\u00eancia privada ou a\u00e7\u00f5es, por exemplo. Outro ponto crucial \u00e9 levar em conta a infla\u00e7\u00e3o, que corr\u00f3i o poder de compra ao longo do tempo.<\/p>\n\n\n\n<p>Guardar apenas um valor nominal sem ajustar para o aumento do custo de vida pode resultar em uma aposentadoria com menor capacidade financeira do que o planejado. Por isso, calcular corretamente quanto economizar envolve projetar n\u00e3o apenas quanto voc\u00ea quer receber, mas tamb\u00e9m quanto esse montante precisar\u00e1 representar em termos reais no futuro.<\/p>\n\n\n\n<h2 class=\"wp-block-heading\">Quanto devo acumular para me aposentar?<\/h2>\n\n\n\n<p>Uma maneira pr\u00e1tica de estimar quanto guardar \u00e9 usar a regra do \u201cmultiplicador\u201d da aposentadoria. Basicamente, voc\u00ea calcula quanto precisar\u00e1 acumular no total para gerar R$ 5 mil mensais de forma sustent\u00e1vel. Considerando uma retirada segura de cerca de 4% ao ano \u2014 padr\u00e3o adotado por muitos especialistas em finan\u00e7as \u2014 seria necess\u00e1rio acumular aproximadamente R$ 1,5 milh\u00e3o.<\/p>\n\n\n\n<p>Esse montante, aplicado de forma adequada, permitiria retirar mensalmente o valor desejado sem comprometer o patrim\u00f4nio ao longo do tempo. A partir desse total, voc\u00ea pode definir quanto precisa poupar por m\u00eas, levando em conta o prazo at\u00e9 a aposentadoria e a rentabilidade esperada dos investimentos.<\/p>\n\n\n\n<p><\/p>\n","protected":false},"excerpt":{"rendered":"<p>Planejar a aposentadoria \u00e9 um passo essencial para garantir seguran\u00e7a financeira no futuro, mas muita gente ainda se pergunta quanto \u00e9 necess\u00e1rio poupar para manter o padr\u00e3o de vida desejado. Se a meta \u00e9 receber R$ 5 mil por m\u00eas quando se aposentar, \u00e9 preciso entender fatores como tempo de contribui\u00e7\u00e3o, rendimentos dos investimentos e [&hellip;]<\/p>\n","protected":false},"author":4,"featured_media":4168,"comment_status":"open","ping_status":"open","sticky":false,"template":"","format":"standard","meta":{"jnews-multi-image_gallery":[],"jnews_single_post":{"format":"standard"},"jnews_primary_category":[],"jnews_social_meta":[],"jnews_post_split":[],"footnotes":""},"categories":[1],"tags":[],"class_list":["post-4166","post","type-post","status-publish","format-standard","has-post-thumbnail","hentry","category-uncategorized"],"_links":{"self":[{"href":"https:\/\/diariodepernambuco.audiencelabs.com.br\/wp-json\/wp\/v2\/posts\/4166","targetHints":{"allow":["GET"]}}],"collection":[{"href":"https:\/\/diariodepernambuco.audiencelabs.com.br\/wp-json\/wp\/v2\/posts"}],"about":[{"href":"https:\/\/diariodepernambuco.audiencelabs.com.br\/wp-json\/wp\/v2\/types\/post"}],"author":[{"embeddable":true,"href":"https:\/\/diariodepernambuco.audiencelabs.com.br\/wp-json\/wp\/v2\/users\/4"}],"replies":[{"embeddable":true,"href":"https:\/\/diariodepernambuco.audiencelabs.com.br\/wp-json\/wp\/v2\/comments?post=4166"}],"version-history":[{"count":2,"href":"https:\/\/diariodepernambuco.audiencelabs.com.br\/wp-json\/wp\/v2\/posts\/4166\/revisions"}],"predecessor-version":[{"id":4170,"href":"https:\/\/diariodepernambuco.audiencelabs.com.br\/wp-json\/wp\/v2\/posts\/4166\/revisions\/4170"}],"wp:featuredmedia":[{"embeddable":true,"href":"https:\/\/diariodepernambuco.audiencelabs.com.br\/wp-json\/wp\/v2\/media\/4168"}],"wp:attachment":[{"href":"https:\/\/diariodepernambuco.audiencelabs.com.br\/wp-json\/wp\/v2\/media?parent=4166"}],"wp:term":[{"taxonomy":"category","embeddable":true,"href":"https:\/\/diariodepernambuco.audiencelabs.com.br\/wp-json\/wp\/v2\/categories?post=4166"},{"taxonomy":"post_tag","embeddable":true,"href":"https:\/\/diariodepernambuco.audiencelabs.com.br\/wp-json\/wp\/v2\/tags?post=4166"}],"curies":[{"name":"wp","href":"https:\/\/api.w.org\/{rel}","templated":true}]}}