{"id":4175,"date":"2025-09-22T14:00:00","date_gmt":"2025-09-22T17:00:00","guid":{"rendered":"https:\/\/diariodepernambuco.audiencelabs.com.br\/?p=4175"},"modified":"2025-09-21T21:08:05","modified_gmt":"2025-09-22T00:08:05","slug":"nova-lei-clt-proibiu-ferias-no-brasil-entenda","status":"publish","type":"post","link":"https:\/\/diariodepernambuco.audiencelabs.com.br\/nova-lei-clt-proibiu-ferias-no-brasil-entenda\/","title":{"rendered":"Nova Lei CLT proibiu f\u00e9rias no Brasil? Entenda!"},"content":{"rendered":"\n<p>As f\u00e9rias fazem parte do direito fundamental de todo trabalhador brasileiro e est\u00e3o asseguradas na Consolida\u00e7\u00e3o das Leis do Trabalho (CLT). O descanso anual de 30 dias n\u00e3o \u00e9 apenas uma formalidade, mas um mecanismo criado para garantir que o empregado recupere energias e mantenha sua sa\u00fade mental e f\u00edsica.<\/p>\n\n\n\n<p>Contudo, dentro desse cen\u00e1rio existe o chamado abono pecuni\u00e1rio, que nada mais \u00e9 do que a possibilidade de transformar at\u00e9 um ter\u00e7o desse per\u00edodo em dinheiro. Em n\u00fameros pr\u00e1ticos, de trinta dias de f\u00e9rias, o empregado pode converter no m\u00e1ximo dez em remunera\u00e7\u00e3o. Por\u00e9m, esse ponto gera debates, porque a lei deixa claro que essa escolha cabe somente ao trabalhador, nunca \u00e0 empresa.<\/p>\n\n\n\n<p>Apesar de alguns rumores recentes, a nova legisla\u00e7\u00e3o da CLT n\u00e3o proibiu as f\u00e9rias no Brasil. O que houve foram mudan\u00e7as pontuais que visam modernizar e flexibilizar o regime de descanso, mas o direito ao per\u00edodo anual de 30 dias continua garantido para todos os trabalhadores.<\/p>\n\n\n\n<p>Entre as altera\u00e7\u00f5es, algumas medidas permitem maior controle sobre o fracionamento das f\u00e9rias, possibilitando que o descanso seja dividido em at\u00e9 tr\u00eas per\u00edodos, desde que haja concord\u00e2ncia do empregado. Al\u00e9m disso, novas regras refor\u00e7am a import\u00e2ncia do planejamento e do aviso pr\u00e9vio por parte da empresa, garantindo que o trabalhador possa organizar seu per\u00edodo de descanso sem preju\u00edzos.<\/p>\n\n\n\n<p>Portanto, mesmo com mudan\u00e7as na CLT, as f\u00e9rias permanecem como um direito essencial, e o abono pecuni\u00e1rio continua dispon\u00edvel para quem desejar transformar parte do descanso em remunera\u00e7\u00e3o. \u00c9 fundamental que empregados e empregadores conhe\u00e7am essas regras para assegurar que os direitos sejam respeitados e que o descanso necess\u00e1rio seja efetivamente usufru\u00eddo.<\/p>\n\n\n\n<p><\/p>\n","protected":false},"excerpt":{"rendered":"<p>As f\u00e9rias fazem parte do direito fundamental de todo trabalhador brasileiro e est\u00e3o asseguradas na Consolida\u00e7\u00e3o das Leis do Trabalho (CLT). O descanso anual de 30 dias n\u00e3o \u00e9 apenas uma formalidade, mas um mecanismo criado para garantir que o empregado recupere energias e mantenha sua sa\u00fade mental e f\u00edsica. Contudo, dentro desse cen\u00e1rio existe [&hellip;]<\/p>\n","protected":false},"author":4,"featured_media":1014,"comment_status":"open","ping_status":"open","sticky":false,"template":"","format":"standard","meta":{"jnews-multi-image_gallery":[],"jnews_single_post":{"format":"standard"},"jnews_primary_category":[],"jnews_social_meta":[],"jnews_post_split":[],"footnotes":""},"categories":[1],"tags":[],"class_list":["post-4175","post","type-post","status-publish","format-standard","has-post-thumbnail","hentry","category-uncategorized"],"_links":{"self":[{"href":"https:\/\/diariodepernambuco.audiencelabs.com.br\/wp-json\/wp\/v2\/posts\/4175","targetHints":{"allow":["GET"]}}],"collection":[{"href":"https:\/\/diariodepernambuco.audiencelabs.com.br\/wp-json\/wp\/v2\/posts"}],"about":[{"href":"https:\/\/diariodepernambuco.audiencelabs.com.br\/wp-json\/wp\/v2\/types\/post"}],"author":[{"embeddable":true,"href":"https:\/\/diariodepernambuco.audiencelabs.com.br\/wp-json\/wp\/v2\/users\/4"}],"replies":[{"embeddable":true,"href":"https:\/\/diariodepernambuco.audiencelabs.com.br\/wp-json\/wp\/v2\/comments?post=4175"}],"version-history":[{"count":2,"href":"https:\/\/diariodepernambuco.audiencelabs.com.br\/wp-json\/wp\/v2\/posts\/4175\/revisions"}],"predecessor-version":[{"id":4178,"href":"https:\/\/diariodepernambuco.audiencelabs.com.br\/wp-json\/wp\/v2\/posts\/4175\/revisions\/4178"}],"wp:featuredmedia":[{"embeddable":true,"href":"https:\/\/diariodepernambuco.audiencelabs.com.br\/wp-json\/wp\/v2\/media\/1014"}],"wp:attachment":[{"href":"https:\/\/diariodepernambuco.audiencelabs.com.br\/wp-json\/wp\/v2\/media?parent=4175"}],"wp:term":[{"taxonomy":"category","embeddable":true,"href":"https:\/\/diariodepernambuco.audiencelabs.com.br\/wp-json\/wp\/v2\/categories?post=4175"},{"taxonomy":"post_tag","embeddable":true,"href":"https:\/\/diariodepernambuco.audiencelabs.com.br\/wp-json\/wp\/v2\/tags?post=4175"}],"curies":[{"name":"wp","href":"https:\/\/api.w.org\/{rel}","templated":true}]}}