{"id":4179,"date":"2025-09-22T15:00:00","date_gmt":"2025-09-22T18:00:00","guid":{"rendered":"https:\/\/diariodepernambuco.audiencelabs.com.br\/?p=4179"},"modified":"2025-09-21T21:17:01","modified_gmt":"2025-09-22T00:17:01","slug":"rafinha-bastos-sofreu-acidente-nos-eua-e-fratura-foi-confirmada","status":"publish","type":"post","link":"https:\/\/diariodepernambuco.audiencelabs.com.br\/rafinha-bastos-sofreu-acidente-nos-eua-e-fratura-foi-confirmada\/","title":{"rendered":"Rafinha Bastos sofreu acidente nos EUA e fratura foi confirmada"},"content":{"rendered":"\n<p>O humorista Rafinha Bastos sofreu um acidente de bicicleta em Nova York na \u00faltima quinta-feira (18) e precisou passar a madrugada no hospital. Ele fraturou a clav\u00edcula e compartilhou o epis\u00f3dio nas redes sociais, mesclando alerta e bom humor.<\/p>\n\n\n\n<p>\u201cCa\u00ed de bicicleta em NY. Poderia ser pior. Poderia ser em Diadema\u201d, iniciou o ex-CQC. Rafinha ent\u00e3o concluiu: &#8220;Se eu n\u00e3o estivesse de capacete, teria batido a cabe\u00e7a no cimento. E adivinha s\u00f3? Eu n\u00e3o estava de capacete. Bati a cabe\u00e7a e apaguei no meio da rua&#8221;.<\/p>\n\n\n\n<p>Rafinha est\u00e1 em turn\u00ea de stand-up nos Estados Unidos, pa\u00eds onde mora desde 2018, e contou que, apesar do susto e dos ferimentos, considera ter tido sorte. Ele brincou mais uma vez ao dizer que, apesar de ter quebrado a clav\u00edcula e &#8220;estar meio atrapalhado das ideias&#8221;, ele estava bem.<\/p>\n\n\n\n<p>No dia seguinte, o humorista reapareceu nos stories do Instagram. Ele afirmou que a cabe\u00e7a j\u00e1 havia se recuperado, embora ainda sentisse fortes dores na clav\u00edcula, e anunciou o cancelamento dos shows que faria em Austin e Nashville no fim de semana.<\/p>\n\n\n\n<p>Ainda de acordo com Rafinha, existe a possibilidade de voltar ao Brasil para realizar uma cirurgia. \u201cAcho que vou para o Brasil agora fazer uma cirurgia, n\u00e3o sei ainda. Preciso ver, porque o hospital daqui \u00e9 uma beleza, n\u00e9?\u201d, acrescentando que est\u00e1 fora de perigo.<\/p>\n\n\n\n<h2 class=\"wp-block-heading\">O que aconteceu com Rafinha Bastos<\/h2>\n\n\n\n<ul class=\"wp-block-list\">\n<li>Rafinha Bastos sofreu um acidente de bicicleta em Nova York na \u00faltima quinta-feira (18).<\/li>\n\n\n\n<li>Ele bateu a cabe\u00e7a no asfalto e fraturou a clav\u00edcula.<\/li>\n\n\n\n<li>No momento da queda, n\u00e3o estava usando capacete, o que aumentou o risco do acidente.<\/li>\n\n\n\n<li>Passou a madrugada no hospital recebendo atendimento m\u00e9dico.<\/li>\n\n\n\n<li>Compartilhou o ocorrido nas redes sociais, misturando alerta sobre seguran\u00e7a e bom humor.<\/li>\n\n\n\n<li>Cancelou os shows que faria em Austin e Nashville no fim de semana.<\/li>\n\n\n\n<li>Avalia a possibilidade de retornar ao Brasil para realizar uma cirurgia.<\/li>\n\n\n\n<li>Rafinha informou que est\u00e1 fora de perigo, mas ainda sente dores na clav\u00edcula.<\/li>\n<\/ul>\n\n\n\n<p><\/p>\n","protected":false},"excerpt":{"rendered":"<p>O humorista Rafinha Bastos sofreu um acidente de bicicleta em Nova York na \u00faltima quinta-feira (18) e precisou passar a madrugada no hospital. Ele fraturou a clav\u00edcula e compartilhou o epis\u00f3dio nas redes sociais, mesclando alerta e bom humor. \u201cCa\u00ed de bicicleta em NY. Poderia ser pior. Poderia ser em Diadema\u201d, iniciou o ex-CQC. Rafinha [&hellip;]<\/p>\n","protected":false},"author":4,"featured_media":4181,"comment_status":"open","ping_status":"open","sticky":false,"template":"","format":"standard","meta":{"jnews-multi-image_gallery":[],"jnews_single_post":{"format":"standard"},"jnews_primary_category":[],"jnews_social_meta":[],"jnews_post_split":[],"footnotes":""},"categories":[1],"tags":[],"class_list":["post-4179","post","type-post","status-publish","format-standard","has-post-thumbnail","hentry","category-uncategorized"],"_links":{"self":[{"href":"https:\/\/diariodepernambuco.audiencelabs.com.br\/wp-json\/wp\/v2\/posts\/4179","targetHints":{"allow":["GET"]}}],"collection":[{"href":"https:\/\/diariodepernambuco.audiencelabs.com.br\/wp-json\/wp\/v2\/posts"}],"about":[{"href":"https:\/\/diariodepernambuco.audiencelabs.com.br\/wp-json\/wp\/v2\/types\/post"}],"author":[{"embeddable":true,"href":"https:\/\/diariodepernambuco.audiencelabs.com.br\/wp-json\/wp\/v2\/users\/4"}],"replies":[{"embeddable":true,"href":"https:\/\/diariodepernambuco.audiencelabs.com.br\/wp-json\/wp\/v2\/comments?post=4179"}],"version-history":[{"count":2,"href":"https:\/\/diariodepernambuco.audiencelabs.com.br\/wp-json\/wp\/v2\/posts\/4179\/revisions"}],"predecessor-version":[{"id":4182,"href":"https:\/\/diariodepernambuco.audiencelabs.com.br\/wp-json\/wp\/v2\/posts\/4179\/revisions\/4182"}],"wp:featuredmedia":[{"embeddable":true,"href":"https:\/\/diariodepernambuco.audiencelabs.com.br\/wp-json\/wp\/v2\/media\/4181"}],"wp:attachment":[{"href":"https:\/\/diariodepernambuco.audiencelabs.com.br\/wp-json\/wp\/v2\/media?parent=4179"}],"wp:term":[{"taxonomy":"category","embeddable":true,"href":"https:\/\/diariodepernambuco.audiencelabs.com.br\/wp-json\/wp\/v2\/categories?post=4179"},{"taxonomy":"post_tag","embeddable":true,"href":"https:\/\/diariodepernambuco.audiencelabs.com.br\/wp-json\/wp\/v2\/tags?post=4179"}],"curies":[{"name":"wp","href":"https:\/\/api.w.org\/{rel}","templated":true}]}}