{"id":4183,"date":"2025-09-22T15:30:00","date_gmt":"2025-09-22T18:30:00","guid":{"rendered":"https:\/\/diariodepernambuco.audiencelabs.com.br\/?p=4183"},"modified":"2025-09-21T22:05:01","modified_gmt":"2025-09-22T01:05:01","slug":"brasileiros-nao-vao-mais-precisar-pagar-conta-da-agua","status":"publish","type":"post","link":"https:\/\/diariodepernambuco.audiencelabs.com.br\/brasileiros-nao-vao-mais-precisar-pagar-conta-da-agua\/","title":{"rendered":"Brasileiros n\u00e3o v\u00e3o mais precisar pagar conta de \u00e1gua?"},"content":{"rendered":"\n<p>O deputado Arthur Lira (PP-AL), ex-presidente da C\u00e2mara, apresentou na \u00faltima quinta-feira (18) uma proposta para instituir a cobran\u00e7a social da conta de \u00e1gua para fam\u00edlias de baixa renda. O projeto prop\u00f5e alterar a lei que criou a Pol\u00edtica Nacional de Recursos H\u00eddricos, em 1997, com o objetivo de conceder isen\u00e7\u00e3o total ou parcial dos valores.<\/p>\n\n\n\n<p>A proposta adiciona a letra \u201cA\u201d ao artigo 21 da lei, criando uma categoria social espec\u00edfica para a cobran\u00e7a pelo uso dos recursos h\u00eddricos e estabelecendo crit\u00e9rios de elegibilidade, como \u201ca grupos familiares de baixa renda e a projetos p\u00fablicos de irriga\u00e7\u00e3o considerados de interesse social, nos termos da legisla\u00e7\u00e3o, com a aplica\u00e7\u00e3o de crit\u00e9rios diferenciados que possibilitem a concess\u00e3o de isen\u00e7\u00e3o parcial ou total da cobran\u00e7a\u201d.<\/p>\n\n\n\n<p>De acordo com o parlamentar, a mudan\u00e7a tem como objetivo garantir justi\u00e7a distributiva, evitando que a cobran\u00e7a pelo uso da \u00e1gua se torne um fator de exclus\u00e3o social. Al\u00e9m disso, ele afirma que a proposta busca aumentar a competitividade dos agricultores familiares.<\/p>\n\n\n\n<p>\u201cPara os agricultores familiares dos projetos p\u00fablicos de irriga\u00e7\u00e3o, a previs\u00e3o de isen\u00e7\u00e3o parcial ou total da cobran\u00e7a \u00e9 um mecanismo que assegura competitividade e promove a sustentabilidade de atividades que, em muitos casos, s\u00e3o as \u00fanicas alternativas de subsist\u00eancia de fam\u00edlias\u201d, afirmou o ex-presidente da C\u00e2mara dos Deputados.<\/p>\n\n\n\n<h2 class=\"wp-block-heading\">A cobran\u00e7a social da conta de \u00e1gua<\/h2>\n\n\n\n<ul class=\"wp-block-list\">\n<li>Proposta legislativa: O deputado Arthur Lira (PP-AL) apresentou um projeto para instituir a cobran\u00e7a social da conta de \u00e1gua para fam\u00edlias carentes.<\/li>\n<\/ul>\n\n\n\n<ul class=\"wp-block-list\">\n<li>Altera\u00e7\u00e3o na lei: A proposta sugere mudan\u00e7as na lei que criou a Pol\u00edtica Nacional de Recursos H\u00eddricos (1997), incluindo a letra \u201cA\u201d no artigo 21.<\/li>\n<\/ul>\n\n\n\n<ul class=\"wp-block-list\">\n<li>Objetivo: Garantir justi\u00e7a distributiva, evitando que a cobran\u00e7a pelo uso da \u00e1gua se torne um fator de exclus\u00e3o social.<\/li>\n<\/ul>\n\n\n\n<ul class=\"wp-block-list\">\n<li>Benef\u00edcio: Permitir isen\u00e7\u00e3o total ou parcial do valor da conta de \u00e1gua para fam\u00edlias de baixa renda.<\/li>\n<\/ul>\n\n\n\n<ul class=\"wp-block-list\">\n<li>Crit\u00e9rios de elegibilidade: A proposta estabelece crit\u00e9rios espec\u00edficos para definir quais fam\u00edlias poder\u00e3o ser contempladas.<\/li>\n<\/ul>\n\n\n\n<ul class=\"wp-block-list\">\n<li>Impacto para agricultura: Busca tamb\u00e9m aumentar a competitividade dos agricultores familiares, que podem ser beneficiados com tarifas reduzidas.<\/li>\n<\/ul>\n\n\n\n<ul class=\"wp-block-list\">\n<li>Finalidade social: Promover acesso mais justo \u00e0 \u00e1gua, especialmente para popula\u00e7\u00e3o em situa\u00e7\u00e3o de vulnerabilidade.<\/li>\n<\/ul>\n\n\n\n<p><\/p>\n","protected":false},"excerpt":{"rendered":"<p>O deputado Arthur Lira (PP-AL), ex-presidente da C\u00e2mara, apresentou na \u00faltima quinta-feira (18) uma proposta para instituir a cobran\u00e7a social da conta de \u00e1gua para fam\u00edlias de baixa renda. O projeto prop\u00f5e alterar a lei que criou a Pol\u00edtica Nacional de Recursos H\u00eddricos, em 1997, com o objetivo de conceder isen\u00e7\u00e3o total ou parcial dos [&hellip;]<\/p>\n","protected":false},"author":4,"featured_media":4184,"comment_status":"open","ping_status":"open","sticky":false,"template":"","format":"standard","meta":{"jnews-multi-image_gallery":[],"jnews_single_post":{"format":"standard"},"jnews_primary_category":[],"jnews_social_meta":[],"jnews_post_split":[],"footnotes":""},"categories":[1],"tags":[],"class_list":["post-4183","post","type-post","status-publish","format-standard","has-post-thumbnail","hentry","category-uncategorized"],"_links":{"self":[{"href":"https:\/\/diariodepernambuco.audiencelabs.com.br\/wp-json\/wp\/v2\/posts\/4183","targetHints":{"allow":["GET"]}}],"collection":[{"href":"https:\/\/diariodepernambuco.audiencelabs.com.br\/wp-json\/wp\/v2\/posts"}],"about":[{"href":"https:\/\/diariodepernambuco.audiencelabs.com.br\/wp-json\/wp\/v2\/types\/post"}],"author":[{"embeddable":true,"href":"https:\/\/diariodepernambuco.audiencelabs.com.br\/wp-json\/wp\/v2\/users\/4"}],"replies":[{"embeddable":true,"href":"https:\/\/diariodepernambuco.audiencelabs.com.br\/wp-json\/wp\/v2\/comments?post=4183"}],"version-history":[{"count":3,"href":"https:\/\/diariodepernambuco.audiencelabs.com.br\/wp-json\/wp\/v2\/posts\/4183\/revisions"}],"predecessor-version":[{"id":4187,"href":"https:\/\/diariodepernambuco.audiencelabs.com.br\/wp-json\/wp\/v2\/posts\/4183\/revisions\/4187"}],"wp:featuredmedia":[{"embeddable":true,"href":"https:\/\/diariodepernambuco.audiencelabs.com.br\/wp-json\/wp\/v2\/media\/4184"}],"wp:attachment":[{"href":"https:\/\/diariodepernambuco.audiencelabs.com.br\/wp-json\/wp\/v2\/media?parent=4183"}],"wp:term":[{"taxonomy":"category","embeddable":true,"href":"https:\/\/diariodepernambuco.audiencelabs.com.br\/wp-json\/wp\/v2\/categories?post=4183"},{"taxonomy":"post_tag","embeddable":true,"href":"https:\/\/diariodepernambuco.audiencelabs.com.br\/wp-json\/wp\/v2\/tags?post=4183"}],"curies":[{"name":"wp","href":"https:\/\/api.w.org\/{rel}","templated":true}]}}