{"id":4188,"date":"2025-09-22T16:30:00","date_gmt":"2025-09-22T19:30:00","guid":{"rendered":"https:\/\/diariodepernambuco.audiencelabs.com.br\/?p=4188"},"modified":"2025-09-21T22:13:22","modified_gmt":"2025-09-22T01:13:22","slug":"revelado-qual-alimento-te-faz-dormir-nao-precisa-usar-remedios","status":"publish","type":"post","link":"https:\/\/diariodepernambuco.audiencelabs.com.br\/revelado-qual-alimento-te-faz-dormir-nao-precisa-usar-remedios\/","title":{"rendered":"Revelado qual alimento te faz dormir: n\u00e3o precisa usar rem\u00e9dios"},"content":{"rendered":"\n<p>Dormir bem \u00e9 um desafio para milh\u00f5es de pessoas, e a ci\u00eancia indica que a alimenta\u00e7\u00e3o tem papel fundamental nesse processo. Um estudo publicado na revista Food &amp; Function mostrou que o consumo regular de nozes pode ser mais eficaz do que muitos medicamentos para facilitar o sono e melhorar a qualidade do descanso noturno.<\/p>\n\n\n\n<p>A pesquisa acompanhou 76 jovens adultos, com idades entre 20 e 35 anos, em um ensaio cl\u00ednico de 18 semanas. Durante oito semanas, os participantes consumiram 40 gramas de nozes por dia \u2014 cerca de meia x\u00edcara do alimento \u2014 e, nesse per\u00edodo, registraram melhorias significativas na qualidade do sono:<\/p>\n\n\n\n<ul class=\"wp-block-list\">\n<li>Redu\u00e7\u00e3o do tempo para adormecer;<\/li>\n\n\n\n<li>Aumento da efici\u00eancia do sono (percentual do tempo na cama realmente dormindo);<\/li>\n\n\n\n<li>Redu\u00e7\u00e3o da sonol\u00eancia durante o dia.<\/li>\n<\/ul>\n\n\n\n<p>Os pesquisadores tamb\u00e9m observaram um aumento na produ\u00e7\u00e3o de melatonina, horm\u00f4nio respons\u00e1vel por regular o ciclo sono-vig\u00edlia. As nozes s\u00e3o ricas em triptofano, um amino\u00e1cido que auxilia na s\u00edntese de serotonina e melatonina, e ainda cont\u00eam melatonina de origem vegetal, potencializando seus efeitos.<\/p>\n\n\n\n<p>De acordo com os autores, o equil\u00edbrio entre o triptofano e outros amino\u00e1cidos facilita a passagem do composto pelo c\u00e9rebro, contribuindo para um sono de melhor qualidade. Al\u00e9m de favorecer o descanso, as nozes s\u00e3o pr\u00e1ticas de incluir na alimenta\u00e7\u00e3o di\u00e1ria, podendo ser adicionadas a saladas, iogurtes, pratos matinais ou consumidas puras como lanche.<\/p>\n\n\n\n<p>Especialistas destacam, entretanto, que os efeitos s\u00e3o cumulativos: os benef\u00edcios surgem com o consumo cont\u00ednuo das nozes, aliado a um estilo de vida saud\u00e1vel, incluindo h\u00e1bitos como reduzir a ingest\u00e3o de cafe\u00edna \u00e0 noite e manter hor\u00e1rios regulares de sono.<\/p>\n\n\n\n<p><\/p>\n","protected":false},"excerpt":{"rendered":"<p>Dormir bem \u00e9 um desafio para milh\u00f5es de pessoas, e a ci\u00eancia indica que a alimenta\u00e7\u00e3o tem papel fundamental nesse processo. Um estudo publicado na revista Food &amp; Function mostrou que o consumo regular de nozes pode ser mais eficaz do que muitos medicamentos para facilitar o sono e melhorar a qualidade do descanso noturno. [&hellip;]<\/p>\n","protected":false},"author":4,"featured_media":4189,"comment_status":"open","ping_status":"open","sticky":false,"template":"","format":"standard","meta":{"jnews-multi-image_gallery":[],"jnews_single_post":{"format":"standard"},"jnews_primary_category":[],"jnews_social_meta":[],"jnews_post_split":[],"footnotes":""},"categories":[1],"tags":[],"class_list":["post-4188","post","type-post","status-publish","format-standard","has-post-thumbnail","hentry","category-uncategorized"],"_links":{"self":[{"href":"https:\/\/diariodepernambuco.audiencelabs.com.br\/wp-json\/wp\/v2\/posts\/4188","targetHints":{"allow":["GET"]}}],"collection":[{"href":"https:\/\/diariodepernambuco.audiencelabs.com.br\/wp-json\/wp\/v2\/posts"}],"about":[{"href":"https:\/\/diariodepernambuco.audiencelabs.com.br\/wp-json\/wp\/v2\/types\/post"}],"author":[{"embeddable":true,"href":"https:\/\/diariodepernambuco.audiencelabs.com.br\/wp-json\/wp\/v2\/users\/4"}],"replies":[{"embeddable":true,"href":"https:\/\/diariodepernambuco.audiencelabs.com.br\/wp-json\/wp\/v2\/comments?post=4188"}],"version-history":[{"count":2,"href":"https:\/\/diariodepernambuco.audiencelabs.com.br\/wp-json\/wp\/v2\/posts\/4188\/revisions"}],"predecessor-version":[{"id":4191,"href":"https:\/\/diariodepernambuco.audiencelabs.com.br\/wp-json\/wp\/v2\/posts\/4188\/revisions\/4191"}],"wp:featuredmedia":[{"embeddable":true,"href":"https:\/\/diariodepernambuco.audiencelabs.com.br\/wp-json\/wp\/v2\/media\/4189"}],"wp:attachment":[{"href":"https:\/\/diariodepernambuco.audiencelabs.com.br\/wp-json\/wp\/v2\/media?parent=4188"}],"wp:term":[{"taxonomy":"category","embeddable":true,"href":"https:\/\/diariodepernambuco.audiencelabs.com.br\/wp-json\/wp\/v2\/categories?post=4188"},{"taxonomy":"post_tag","embeddable":true,"href":"https:\/\/diariodepernambuco.audiencelabs.com.br\/wp-json\/wp\/v2\/tags?post=4188"}],"curies":[{"name":"wp","href":"https:\/\/api.w.org\/{rel}","templated":true}]}}