{"id":4192,"date":"2025-09-22T17:30:00","date_gmt":"2025-09-22T20:30:00","guid":{"rendered":"https:\/\/diariodepernambuco.audiencelabs.com.br\/?p=4192"},"modified":"2025-09-21T22:42:47","modified_gmt":"2025-09-22T01:42:47","slug":"chuva-chega-com-tudo-e-vai-dominar-5-estados-no-brasil","status":"publish","type":"post","link":"https:\/\/diariodepernambuco.audiencelabs.com.br\/chuva-chega-com-tudo-e-vai-dominar-5-estados-no-brasil\/","title":{"rendered":"Chuva chega com tudo e vai dominar 5 estados no Brasil"},"content":{"rendered":"\n<p>A primavera come\u00e7ou nesta segunda-feira (22\/9), \u00e0s 15h, trazendo mudan\u00e7as no clima em grande parte do pa\u00eds. Segundo o Instituto Nacional de Meteorologia (Inmet), uma intensa frente fria percorrer\u00e1 o Brasil entre sexta-feira (20\/9) e quarta-feira (24\/9), provocando temporais e queda acentuada nas temperaturas.<\/p>\n\n\n\n<p>H\u00e1 at\u00e9 previs\u00e3o de geada no Sul e friagem no Norte. Os efeitos da frente fria j\u00e1 come\u00e7aram a ser sentidos no s\u00e1bado (20\/9), com fortes chuvas no Rio Grande do Sul. No domingo (21\/9), a instabilidade se espalhou por toda a regi\u00e3o Sul e avan\u00e7ou para o Centro-Oeste, atingindo o Mato Grosso do Sul e chegou ao sudoeste de S\u00e3o Paulo no final do dia.<\/p>\n\n\n\n<p>Nesta segunda-feira, a frente fria se desloca com maior intensidade sobre o Sudeste e o Centro-Oeste, podendo provocar temporais severos. O sistema ainda pode alcan\u00e7ar o sudoeste da Amaz\u00f4nia, ocasionando o fen\u00f4meno conhecido como friagem.<\/p>\n\n\n\n<p>A previs\u00e3o indica que os temporais que atingir\u00e3o o Sul no fim de semana podem ser fortes, com raios, rajadas de vento e possibilidade de granizo. Os maiores volumes de chuva s\u00e3o esperados para o Rio Grande do Sul e Santa Catarina. Ap\u00f3s a passagem da chuva, uma massa de ar frio e seco derrubar\u00e1 as temperaturas de forma expressiva.<\/p>\n\n\n\n<h2 class=\"wp-block-heading\">Dicas importantes para se proteger de temporais<\/h2>\n\n\n\n<ul class=\"wp-block-list\">\n<li>Fique atento \u00e0s previs\u00f5es: Acompanhe boletins meteorol\u00f3gicos, alertas do Inmet e not\u00edcias locais.<\/li>\n<\/ul>\n\n\n\n<ul class=\"wp-block-list\">\n<li>Evite sair de casa: Durante temporais, procure permanecer em ambientes fechados e seguros.<\/li>\n<\/ul>\n\n\n\n<ul class=\"wp-block-list\">\n<li>Proteja-se de descargas el\u00e9tricas: Afaste-se de objetos met\u00e1licos, fios, cercas e aparelhos eletr\u00f4nicos ligados \u00e0 tomada.<\/li>\n<\/ul>\n\n\n\n<ul class=\"wp-block-list\">\n<li>N\u00e3o se abrigue debaixo de \u00e1rvores: \u00c1rvores podem cair ou atrair raios.<\/li>\n<\/ul>\n\n\n\n<ul class=\"wp-block-list\">\n<li>Evite \u00e1reas alagadas: N\u00e3o atravesse ruas ou estradas inundadas; a \u00e1gua pode estar mais profunda ou com correnteza forte.<\/li>\n<\/ul>\n\n\n\n<ul class=\"wp-block-list\">\n<li>Cuidados com ventos fortes: Feche portas e janelas, proteja vidros com fitas adesivas e mantenha-se longe de estruturas fr\u00e1geis.<\/li>\n<\/ul>\n\n\n\n<ul class=\"wp-block-list\">\n<li>Tenha um kit de emerg\u00eancia: Inclua lanternas, pilhas, \u00e1gua pot\u00e1vel, alimentos n\u00e3o perec\u00edveis, medicamentos e documentos importantes.<\/li>\n<\/ul>\n\n\n\n<ul class=\"wp-block-list\">\n<li>Desconecte aparelhos el\u00e9tricos: Evite danos e riscos de choques durante descargas el\u00e9tricas.<\/li>\n<\/ul>\n\n\n\n<ul class=\"wp-block-list\">\n<li>Se estiver no carro: Procure um local seguro, evite passar por pontes ou \u00e1reas alagadas, e permane\u00e7a dentro do ve\u00edculo at\u00e9 o fim do temporal.<\/li>\n<\/ul>\n\n\n\n<p><\/p>\n","protected":false},"excerpt":{"rendered":"<p>A primavera come\u00e7ou nesta segunda-feira (22\/9), \u00e0s 15h, trazendo mudan\u00e7as no clima em grande parte do pa\u00eds. Segundo o Instituto Nacional de Meteorologia (Inmet), uma intensa frente fria percorrer\u00e1 o Brasil entre sexta-feira (20\/9) e quarta-feira (24\/9), provocando temporais e queda acentuada nas temperaturas. H\u00e1 at\u00e9 previs\u00e3o de geada no Sul e friagem no Norte. [&hellip;]<\/p>\n","protected":false},"author":4,"featured_media":2109,"comment_status":"open","ping_status":"open","sticky":false,"template":"","format":"standard","meta":{"jnews-multi-image_gallery":[],"jnews_single_post":{"format":"standard"},"jnews_primary_category":[],"jnews_social_meta":[],"jnews_post_split":[],"footnotes":""},"categories":[1],"tags":[],"class_list":["post-4192","post","type-post","status-publish","format-standard","has-post-thumbnail","hentry","category-uncategorized"],"_links":{"self":[{"href":"https:\/\/diariodepernambuco.audiencelabs.com.br\/wp-json\/wp\/v2\/posts\/4192","targetHints":{"allow":["GET"]}}],"collection":[{"href":"https:\/\/diariodepernambuco.audiencelabs.com.br\/wp-json\/wp\/v2\/posts"}],"about":[{"href":"https:\/\/diariodepernambuco.audiencelabs.com.br\/wp-json\/wp\/v2\/types\/post"}],"author":[{"embeddable":true,"href":"https:\/\/diariodepernambuco.audiencelabs.com.br\/wp-json\/wp\/v2\/users\/4"}],"replies":[{"embeddable":true,"href":"https:\/\/diariodepernambuco.audiencelabs.com.br\/wp-json\/wp\/v2\/comments?post=4192"}],"version-history":[{"count":2,"href":"https:\/\/diariodepernambuco.audiencelabs.com.br\/wp-json\/wp\/v2\/posts\/4192\/revisions"}],"predecessor-version":[{"id":4195,"href":"https:\/\/diariodepernambuco.audiencelabs.com.br\/wp-json\/wp\/v2\/posts\/4192\/revisions\/4195"}],"wp:featuredmedia":[{"embeddable":true,"href":"https:\/\/diariodepernambuco.audiencelabs.com.br\/wp-json\/wp\/v2\/media\/2109"}],"wp:attachment":[{"href":"https:\/\/diariodepernambuco.audiencelabs.com.br\/wp-json\/wp\/v2\/media?parent=4192"}],"wp:term":[{"taxonomy":"category","embeddable":true,"href":"https:\/\/diariodepernambuco.audiencelabs.com.br\/wp-json\/wp\/v2\/categories?post=4192"},{"taxonomy":"post_tag","embeddable":true,"href":"https:\/\/diariodepernambuco.audiencelabs.com.br\/wp-json\/wp\/v2\/tags?post=4192"}],"curies":[{"name":"wp","href":"https:\/\/api.w.org\/{rel}","templated":true}]}}