{"id":4196,"date":"2025-09-22T18:30:00","date_gmt":"2025-09-22T21:30:00","guid":{"rendered":"https:\/\/diariodepernambuco.audiencelabs.com.br\/?p=4196"},"modified":"2025-09-21T22:49:41","modified_gmt":"2025-09-22T01:49:41","slug":"qual-a-policia-que-mais-mata-no-brasil","status":"publish","type":"post","link":"https:\/\/diariodepernambuco.audiencelabs.com.br\/qual-a-policia-que-mais-mata-no-brasil\/","title":{"rendered":"Qual a Pol\u00edcia que mais mata no Brasil?"},"content":{"rendered":"\n<p>A viol\u00eancia policial \u00e9 um dos temas mais controversos e debatidos no Brasil, envolvendo quest\u00f5es de seguran\u00e7a p\u00fablica, direitos humanos e pol\u00edticas de combate ao crime. Entre os diversos dados dispon\u00edveis, um dos mais alarmantes refere-se ao n\u00famero de mortes provocadas por diferentes corpora\u00e7\u00f5es policiais no pa\u00eds. E um dado alarmante vem da Bahia.<\/p>\n\n\n\n<p>A Pol\u00edcia Militar da Bahia mata, em m\u00e9dia, cinco pessoas por dia. Atualmente, o estado registra a maior taxa de letalidade policial do Brasil em n\u00fameros absolutos. Somente em 2024, 1.557 pessoas foram assassinadas pela PM baiana. Entre 2023 e 2024, a corpora\u00e7\u00e3o matou mais pessoas do que todas as pol\u00edcias dos Estados Unidos juntas, apesar de representar apenas cerca de 5% da popula\u00e7\u00e3o americana.<\/p>\n\n\n\n<p>O n\u00famero real de mortes pode ser ainda maior devido \u00e0 atua\u00e7\u00e3o de mil\u00edcias ligadas a policiais. A maioria das v\u00edtimas s\u00e3o homens negros, jovens e moradores de periferias. Especialistas, como Samuel Vida, da Universidade Federal da Bahia, classificam o fen\u00f4meno como um poss\u00edvel genoc\u00eddio.<\/p>\n\n\n\n<p>Outros estados tamb\u00e9m apresentam \u00edndices preocupantes de letalidade policial, embora em menor escala que a Bahia. S\u00e3o Paulo, Rio de Janeiro e Cear\u00e1, por exemplo, registram altas taxas de mortes por interven\u00e7\u00e3o policial, com v\u00edtimas predominantemente jovens, negros e de comunidades perif\u00e9ricas.<\/p>\n\n\n\n<p>Pesquisas indicam que essas mortes est\u00e3o frequentemente associadas a abordagens violentas, falta de treinamento adequado e pol\u00edticas de seguran\u00e7a focadas em confrontos armados, em vez de preven\u00e7\u00e3o e media\u00e7\u00e3o de conflitos.<\/p>\n\n\n\n<h2 class=\"wp-block-heading\">Os estados com mais mortes realizadas pela Pol\u00edcia (2024)<\/h2>\n\n\n\n<ol class=\"wp-block-list\">\n<li>Bahia \u2013 1.556 mortes<\/li>\n\n\n\n<li>S\u00e3o Paulo \u2013 813 mortes<\/li>\n\n\n\n<li>Rio de Janeiro \u2013 703 mortes<\/li>\n\n\n\n<li>Par\u00e1 \u2013 606 mortes<\/li>\n\n\n\n<li>Paran\u00e1 \u2013 400 mortes<\/li>\n<\/ol>\n\n\n\n<h2 class=\"wp-block-heading\">Taxa de letalidade policial por 100 mil habitantes<\/h2>\n\n\n\n<ol class=\"wp-block-list\">\n<li>Amap\u00e1 \u2013 45,1 mortes por 100 mil habitantes<\/li>\n\n\n\n<li>Bahia \u2013 40,6 mortes por 100 mil habitantes<\/li>\n\n\n\n<li>Cear\u00e1 \u2013 37,5 mortes por 100 mil habitantes<\/li>\n\n\n\n<li>Pernambuco \u2013 36,2 mortes por 100 mil habitantes<\/li>\n\n\n\n<li>Alagoas \u2013 35,4 mortes por 100 mil habitantes<\/li>\n<\/ol>\n\n\n\n<p><\/p>\n","protected":false},"excerpt":{"rendered":"<p>A viol\u00eancia policial \u00e9 um dos temas mais controversos e debatidos no Brasil, envolvendo quest\u00f5es de seguran\u00e7a p\u00fablica, direitos humanos e pol\u00edticas de combate ao crime. Entre os diversos dados dispon\u00edveis, um dos mais alarmantes refere-se ao n\u00famero de mortes provocadas por diferentes corpora\u00e7\u00f5es policiais no pa\u00eds. E um dado alarmante vem da Bahia. A [&hellip;]<\/p>\n","protected":false},"author":4,"featured_media":4198,"comment_status":"open","ping_status":"open","sticky":false,"template":"","format":"standard","meta":{"jnews-multi-image_gallery":[],"jnews_single_post":{"format":"standard"},"jnews_primary_category":[],"jnews_social_meta":[],"jnews_post_split":[],"footnotes":""},"categories":[1],"tags":[],"class_list":["post-4196","post","type-post","status-publish","format-standard","has-post-thumbnail","hentry","category-uncategorized"],"_links":{"self":[{"href":"https:\/\/diariodepernambuco.audiencelabs.com.br\/wp-json\/wp\/v2\/posts\/4196","targetHints":{"allow":["GET"]}}],"collection":[{"href":"https:\/\/diariodepernambuco.audiencelabs.com.br\/wp-json\/wp\/v2\/posts"}],"about":[{"href":"https:\/\/diariodepernambuco.audiencelabs.com.br\/wp-json\/wp\/v2\/types\/post"}],"author":[{"embeddable":true,"href":"https:\/\/diariodepernambuco.audiencelabs.com.br\/wp-json\/wp\/v2\/users\/4"}],"replies":[{"embeddable":true,"href":"https:\/\/diariodepernambuco.audiencelabs.com.br\/wp-json\/wp\/v2\/comments?post=4196"}],"version-history":[{"count":2,"href":"https:\/\/diariodepernambuco.audiencelabs.com.br\/wp-json\/wp\/v2\/posts\/4196\/revisions"}],"predecessor-version":[{"id":4199,"href":"https:\/\/diariodepernambuco.audiencelabs.com.br\/wp-json\/wp\/v2\/posts\/4196\/revisions\/4199"}],"wp:featuredmedia":[{"embeddable":true,"href":"https:\/\/diariodepernambuco.audiencelabs.com.br\/wp-json\/wp\/v2\/media\/4198"}],"wp:attachment":[{"href":"https:\/\/diariodepernambuco.audiencelabs.com.br\/wp-json\/wp\/v2\/media?parent=4196"}],"wp:term":[{"taxonomy":"category","embeddable":true,"href":"https:\/\/diariodepernambuco.audiencelabs.com.br\/wp-json\/wp\/v2\/categories?post=4196"},{"taxonomy":"post_tag","embeddable":true,"href":"https:\/\/diariodepernambuco.audiencelabs.com.br\/wp-json\/wp\/v2\/tags?post=4196"}],"curies":[{"name":"wp","href":"https:\/\/api.w.org\/{rel}","templated":true}]}}