{"id":4200,"date":"2025-09-22T19:00:00","date_gmt":"2025-09-22T22:00:00","guid":{"rendered":"https:\/\/diariodepernambuco.audiencelabs.com.br\/?p=4200"},"modified":"2025-09-21T22:56:17","modified_gmt":"2025-09-22T01:56:17","slug":"greve-geral-vai-cancelar-todos-os-voos-no-brasil","status":"publish","type":"post","link":"https:\/\/diariodepernambuco.audiencelabs.com.br\/greve-geral-vai-cancelar-todos-os-voos-no-brasil\/","title":{"rendered":"Greve geral vai cancelar todos os voos no Brasil?"},"content":{"rendered":"\n<p>Controladores de voo respons\u00e1veis por 37% dos pousos e decolagens no pa\u00eds anunciaram a amea\u00e7a de paralisar as partidas nos principais aeroportos brasileiros nos dias 24, 26 e 30 de setembro, e 2 de outubro. Segundo o plano de greve, nesses dias nenhum voo decolar\u00e1 entre 11h e 12h e entre 15h e 16h, o que pode causar um efeito cascata de atrasos.<\/p>\n\n\n\n<p>Os pousos n\u00e3o ser\u00e3o afetados, assim como as aeronaves priorit\u00e1rias, incluindo aerom\u00e9dicos, bombeiros e pol\u00edcias. A paralisa\u00e7\u00e3o envolve trabalhadores civis contratados pela NAV Brasil, empresa p\u00fablica federal respons\u00e1vel pela presta\u00e7\u00e3o de servi\u00e7os de navega\u00e7\u00e3o a\u00e9rea.<\/p>\n\n\n\n<p>A NAV \u00e9 respons\u00e1vel pelo controle do tr\u00e1fego a\u00e9reo em 43 aeroportos, incluindo importantes hubs como Guarulhos (SP), Viracopos (SP), Santos Dumont (RJ) e Gale\u00e3o (RJ), de onde partem voos nacionais e internacionais. O Sindicato Nacional dos Trabalhadores na Prote\u00e7\u00e3o ao Voo alerta que \u201ca precariza\u00e7\u00e3o das condi\u00e7\u00f5es de trabalho est\u00e1 prestes a comprometer a seguran\u00e7a a\u00e9rea\u201d.<\/p>\n\n\n\n<p>A NAV n\u00e3o realiza concursos p\u00fablicos h\u00e1 14 anos, resultando em d\u00e9ficit operacional e aumento da press\u00e3o sobre os trabalhadores, &#8220;submetidos a jornadas exaustivas, gerando risco aeron\u00e1utico&#8221;, segundo a empresa. Na esfera de atua\u00e7\u00e3o da NAV Brasil, s\u00e3o prestados os servi\u00e7os de Controle de Aproxima\u00e7\u00e3o (APP) e Controle de Aer\u00f3dromo (TWR).<\/p>\n\n\n\n<h2 class=\"wp-block-heading\">Os maiores aeroportos do Brasil<\/h2>\n\n\n\n<ol class=\"wp-block-list\">\n<li>Aeroporto Internacional de S\u00e3o Paulo\/Guarulhos \u2013 GRU (SP)<\/li>\n<\/ol>\n\n\n\n<ul class=\"wp-block-list\">\n<li>Maior aeroporto do pa\u00eds e principal hub internacional.<\/li>\n\n\n\n<li>Atende voos nacionais e internacionais.<\/li>\n<\/ul>\n\n\n\n<ol start=\"2\" class=\"wp-block-list\">\n<li>Aeroporto Internacional de Bras\u00edlia \u2013 BSB (DF)<\/li>\n<\/ol>\n\n\n\n<ul class=\"wp-block-list\">\n<li>Importante conex\u00e3o entre Norte, Nordeste e Sudeste.<\/li>\n\n\n\n<li>Grande movimenta\u00e7\u00e3o de voos dom\u00e9sticos.<\/li>\n<\/ul>\n\n\n\n<ol start=\"3\" class=\"wp-block-list\">\n<li>Aeroporto Internacional do Rio de Janeiro\/Gale\u00e3o \u2013 GIG (RJ)<\/li>\n<\/ol>\n\n\n\n<ul class=\"wp-block-list\">\n<li>Principal porta de entrada para voos internacionais no Rio de Janeiro.<\/li>\n\n\n\n<li>Atende voos nacionais de longa dist\u00e2ncia.<\/li>\n<\/ul>\n\n\n\n<ol start=\"4\" class=\"wp-block-list\">\n<li>Aeroporto de Congonhas \u2013 CGH (SP)<\/li>\n<\/ol>\n\n\n\n<ul class=\"wp-block-list\">\n<li>Focado em voos dom\u00e9sticos.<\/li>\n\n\n\n<li>Alta frequ\u00eancia de partidas e chegadas em curtas dist\u00e2ncias.<\/li>\n<\/ul>\n\n\n\n<ol start=\"5\" class=\"wp-block-list\">\n<li>Aeroporto Internacional de Viracopos \u2013 VCP (Campinas\/SP)<\/li>\n<\/ol>\n\n\n\n<ul class=\"wp-block-list\">\n<li>Importante para cargas a\u00e9reas e voos internacionais.<\/li>\n\n\n\n<li>Atende tamb\u00e9m passageiros nacionais e internacionais.<\/li>\n<\/ul>\n\n\n\n<ol start=\"6\" class=\"wp-block-list\">\n<li>Aeroporto Internacional de Belo Horizonte\/Confins \u2013 CNF (MG)<\/li>\n<\/ol>\n\n\n\n<ul class=\"wp-block-list\">\n<li>Conecta Minas Gerais a outras regi\u00f5es do Brasil e ao exterior.<\/li>\n<\/ul>\n\n\n\n<ol start=\"7\" class=\"wp-block-list\">\n<li>Aeroporto Internacional de Porto Alegre \u2013 POA (RS)<\/li>\n<\/ol>\n\n\n\n<ul class=\"wp-block-list\">\n<li>Principal aeroporto do Sul do Brasil para passageiros e cargas.<\/li>\n<\/ul>\n\n\n\n<ol start=\"8\" class=\"wp-block-list\">\n<li>Aeroporto de Salvador \u2013 SSA (BA)<\/li>\n<\/ol>\n\n\n\n<ul class=\"wp-block-list\">\n<li>Importante hub para o Nordeste, com voos nacionais e alguns internacionais.<\/li>\n<\/ul>\n\n\n\n<p><\/p>\n","protected":false},"excerpt":{"rendered":"<p>Controladores de voo respons\u00e1veis por 37% dos pousos e decolagens no pa\u00eds anunciaram a amea\u00e7a de paralisar as partidas nos principais aeroportos brasileiros nos dias 24, 26 e 30 de setembro, e 2 de outubro. Segundo o plano de greve, nesses dias nenhum voo decolar\u00e1 entre 11h e 12h e entre 15h e 16h, o [&hellip;]<\/p>\n","protected":false},"author":4,"featured_media":4202,"comment_status":"open","ping_status":"open","sticky":false,"template":"","format":"standard","meta":{"jnews-multi-image_gallery":[],"jnews_single_post":{"format":"standard"},"jnews_primary_category":[],"jnews_social_meta":[],"jnews_post_split":[],"footnotes":""},"categories":[1],"tags":[],"class_list":["post-4200","post","type-post","status-publish","format-standard","has-post-thumbnail","hentry","category-uncategorized"],"_links":{"self":[{"href":"https:\/\/diariodepernambuco.audiencelabs.com.br\/wp-json\/wp\/v2\/posts\/4200","targetHints":{"allow":["GET"]}}],"collection":[{"href":"https:\/\/diariodepernambuco.audiencelabs.com.br\/wp-json\/wp\/v2\/posts"}],"about":[{"href":"https:\/\/diariodepernambuco.audiencelabs.com.br\/wp-json\/wp\/v2\/types\/post"}],"author":[{"embeddable":true,"href":"https:\/\/diariodepernambuco.audiencelabs.com.br\/wp-json\/wp\/v2\/users\/4"}],"replies":[{"embeddable":true,"href":"https:\/\/diariodepernambuco.audiencelabs.com.br\/wp-json\/wp\/v2\/comments?post=4200"}],"version-history":[{"count":2,"href":"https:\/\/diariodepernambuco.audiencelabs.com.br\/wp-json\/wp\/v2\/posts\/4200\/revisions"}],"predecessor-version":[{"id":4204,"href":"https:\/\/diariodepernambuco.audiencelabs.com.br\/wp-json\/wp\/v2\/posts\/4200\/revisions\/4204"}],"wp:featuredmedia":[{"embeddable":true,"href":"https:\/\/diariodepernambuco.audiencelabs.com.br\/wp-json\/wp\/v2\/media\/4202"}],"wp:attachment":[{"href":"https:\/\/diariodepernambuco.audiencelabs.com.br\/wp-json\/wp\/v2\/media?parent=4200"}],"wp:term":[{"taxonomy":"category","embeddable":true,"href":"https:\/\/diariodepernambuco.audiencelabs.com.br\/wp-json\/wp\/v2\/categories?post=4200"},{"taxonomy":"post_tag","embeddable":true,"href":"https:\/\/diariodepernambuco.audiencelabs.com.br\/wp-json\/wp\/v2\/tags?post=4200"}],"curies":[{"name":"wp","href":"https:\/\/api.w.org\/{rel}","templated":true}]}}