{"id":4216,"date":"2025-09-23T09:00:00","date_gmt":"2025-09-23T12:00:00","guid":{"rendered":"https:\/\/diariodepernambuco.audiencelabs.com.br\/?p=4216"},"modified":"2025-09-22T09:51:48","modified_gmt":"2025-09-22T12:51:48","slug":"saiba-quando-voce-vai-receber-sua-aposentadoria-nessa-semana","status":"publish","type":"post","link":"https:\/\/diariodepernambuco.audiencelabs.com.br\/saiba-quando-voce-vai-receber-sua-aposentadoria-nessa-semana\/","title":{"rendered":"Saiba quando voc\u00ea vai receber sua aposentadoria nessa semana"},"content":{"rendered":"\n<p>Os segurados do INSS (Instituto Nacional do Seguro Social) come\u00e7am a receber, a partir desta quarta-feira (24), os pagamentos referentes a setembro. O cronograma segue conforme o d\u00edgito final do n\u00famero do benef\u00edcio.<\/p>\n\n\n\n<p>Quem recebe at\u00e9 um sal\u00e1rio m\u00ednimo e tem benef\u00edcio com final de 1 a 5 ter\u00e1 o dep\u00f3sito efetuado nos \u00faltimos cinco dias \u00fateis de setembro. J\u00e1 os segurados com renda acima do piso, assim como aqueles que ganham o m\u00ednimo e possuem benef\u00edcio terminado em 6 a 0, receber\u00e3o nos cinco primeiros dias \u00fateis de outubro.<\/p>\n\n\n\n<p>Para conferir a data exata do pagamento, \u00e9 necess\u00e1rio observar o \u00faltimo d\u00edgito do n\u00famero do benef\u00edcio, que aparece antes do tra\u00e7o. No exemplo do n\u00famero 123-4, o algarismo considerado \u00e9 o 3. Essa informa\u00e7\u00e3o pode ser consultada na carta de concess\u00e3o ou no extrato de pagamento, dispon\u00edvel nos aplicativos do INSS para celulares Android e iOS.<\/p>\n\n\n\n<p>Outra op\u00e7\u00e3o \u00e9 ligar para a Central 135, que atende de segunda a s\u00e1bado, das 7h \u00e0s 22h. Com o d\u00edgito final em m\u00e3os, basta verificar o calend\u00e1rio de pagamentos vigente para identificar a data correspondente \u00e0 sua faixa de renda. \u00c9 importante lembrar que os dep\u00f3sitos s\u00e3o feitos apenas em dias \u00fateis, n\u00e3o ocorrendo em finais de semana ou feriados.<\/p>\n\n\n\n<h2 class=\"wp-block-heading\">Calend\u00e1rio de dep\u00f3sitos do INSS \u2013 at\u00e9 um sal\u00e1rio m\u00ednimo<\/h2>\n\n\n\n<ul class=\"wp-block-list\">\n<li>Final 1: 25\/09<\/li>\n\n\n\n<li>Final 2: 26\/09<\/li>\n\n\n\n<li>Final 3: 29\/09<\/li>\n\n\n\n<li>Final 4: 30\/09<\/li>\n\n\n\n<li>Final 5: 01\/10<\/li>\n\n\n\n<li>Final 6: 02\/10<\/li>\n\n\n\n<li>Final 7: 03\/10<\/li>\n\n\n\n<li>Final 8: 06\/10<\/li>\n\n\n\n<li>Final 9: 07\/10<\/li>\n\n\n\n<li>Final 0: 08\/10<\/li>\n<\/ul>\n\n\n\n<h2 class=\"wp-block-heading\">Calend\u00e1rio de dep\u00f3sitos do INSS \u2013 acima de um sal\u00e1rio m\u00ednimo<\/h2>\n\n\n\n<ul class=\"wp-block-list\">\n<li>Finais 1 e 6: 01\/10<\/li>\n\n\n\n<li>Finais 2 e 7: 02\/10<\/li>\n\n\n\n<li>Finais 3 e 8: 03\/10<\/li>\n\n\n\n<li>Finais 4 e 9: 06\/10<\/li>\n\n\n\n<li>Finais 5 e 0: 07\/10<\/li>\n<\/ul>\n\n\n\n<p><\/p>\n","protected":false},"excerpt":{"rendered":"<p>Os segurados do INSS (Instituto Nacional do Seguro Social) come\u00e7am a receber, a partir desta quarta-feira (24), os pagamentos referentes a setembro. O cronograma segue conforme o d\u00edgito final do n\u00famero do benef\u00edcio. Quem recebe at\u00e9 um sal\u00e1rio m\u00ednimo e tem benef\u00edcio com final de 1 a 5 ter\u00e1 o dep\u00f3sito efetuado nos \u00faltimos cinco [&hellip;]<\/p>\n","protected":false},"author":4,"featured_media":566,"comment_status":"open","ping_status":"open","sticky":false,"template":"","format":"standard","meta":{"jnews-multi-image_gallery":[],"jnews_single_post":{"format":"standard"},"jnews_primary_category":[],"jnews_social_meta":[],"jnews_post_split":[],"footnotes":""},"categories":[1],"tags":[],"class_list":["post-4216","post","type-post","status-publish","format-standard","has-post-thumbnail","hentry","category-uncategorized"],"_links":{"self":[{"href":"https:\/\/diariodepernambuco.audiencelabs.com.br\/wp-json\/wp\/v2\/posts\/4216","targetHints":{"allow":["GET"]}}],"collection":[{"href":"https:\/\/diariodepernambuco.audiencelabs.com.br\/wp-json\/wp\/v2\/posts"}],"about":[{"href":"https:\/\/diariodepernambuco.audiencelabs.com.br\/wp-json\/wp\/v2\/types\/post"}],"author":[{"embeddable":true,"href":"https:\/\/diariodepernambuco.audiencelabs.com.br\/wp-json\/wp\/v2\/users\/4"}],"replies":[{"embeddable":true,"href":"https:\/\/diariodepernambuco.audiencelabs.com.br\/wp-json\/wp\/v2\/comments?post=4216"}],"version-history":[{"count":2,"href":"https:\/\/diariodepernambuco.audiencelabs.com.br\/wp-json\/wp\/v2\/posts\/4216\/revisions"}],"predecessor-version":[{"id":4218,"href":"https:\/\/diariodepernambuco.audiencelabs.com.br\/wp-json\/wp\/v2\/posts\/4216\/revisions\/4218"}],"wp:featuredmedia":[{"embeddable":true,"href":"https:\/\/diariodepernambuco.audiencelabs.com.br\/wp-json\/wp\/v2\/media\/566"}],"wp:attachment":[{"href":"https:\/\/diariodepernambuco.audiencelabs.com.br\/wp-json\/wp\/v2\/media?parent=4216"}],"wp:term":[{"taxonomy":"category","embeddable":true,"href":"https:\/\/diariodepernambuco.audiencelabs.com.br\/wp-json\/wp\/v2\/categories?post=4216"},{"taxonomy":"post_tag","embeddable":true,"href":"https:\/\/diariodepernambuco.audiencelabs.com.br\/wp-json\/wp\/v2\/tags?post=4216"}],"curies":[{"name":"wp","href":"https:\/\/api.w.org\/{rel}","templated":true}]}}