{"id":4239,"date":"2025-09-23T13:00:00","date_gmt":"2025-09-23T16:00:00","guid":{"rendered":"https:\/\/diariodepernambuco.audiencelabs.com.br\/?p=4239"},"modified":"2025-09-22T10:36:13","modified_gmt":"2025-09-22T13:36:13","slug":"revelada-a-lista-de-isencoes-de-pagamentos-no-ipva","status":"publish","type":"post","link":"https:\/\/diariodepernambuco.audiencelabs.com.br\/revelada-a-lista-de-isencoes-de-pagamentos-no-ipva\/","title":{"rendered":"Revelada a lista de isen\u00e7\u00f5es de pagamentos no IPVA"},"content":{"rendered":"\n<p>O pagamento do IPVA \u00e9 uma obriga\u00e7\u00e3o anual para propriet\u00e1rios de ve\u00edculos em todo o Brasil, mas a legisla\u00e7\u00e3o prev\u00ea isen\u00e7\u00f5es para pessoas que se enquadram em condi\u00e7\u00f5es especiais de sa\u00fade. Pacientes com determinadas enfermidades podem ter direito a n\u00e3o pagar o imposto, garantindo um al\u00edvio financeiro importante para quem enfrenta tratamentos m\u00e9dicos cont\u00ednuos ou limita\u00e7\u00f5es f\u00edsicas.<\/p>\n\n\n\n<p>Entre as condi\u00e7\u00f5es que permitem a isen\u00e7\u00e3o do IPVA est\u00e3o doen\u00e7as cr\u00f4nicas ou graves, como esclerose m\u00faltipla, c\u00e2ncer, HIV, paralisia, insufici\u00eancia renal e doen\u00e7as card\u00edacas graves. Al\u00e9m disso, pessoas com defici\u00eancias f\u00edsicas, visuais, auditivas ou intelectuais tamb\u00e9m podem ter direito ao benef\u00edcio, desde que comprovem a condi\u00e7\u00e3o por meio de laudos m\u00e9dicos e documenta\u00e7\u00e3o oficial.<\/p>\n\n\n\n<p>O procedimento para solicitar a isen\u00e7\u00e3o varia de acordo com cada estado, mas geralmente envolve a apresenta\u00e7\u00e3o de documentos pessoais, laudos m\u00e9dicos recentes e registro do ve\u00edculo junto ao \u00f3rg\u00e3o respons\u00e1vel pelo IPVA. Vale destacar que a isen\u00e7\u00e3o n\u00e3o \u00e9 autom\u00e1tica: \u00e9 preciso entrar com o pedido e, ap\u00f3s an\u00e1lise, o contribuinte recebe a certifica\u00e7\u00e3o que garante a dispensa do pagamento do imposto.<\/p>\n\n\n\n<p><strong>Lista das enfermidades e condi\u00e7\u00f5es que podem garantir a isen\u00e7\u00e3o do IPVA<\/strong><\/p>\n\n\n\n<ol class=\"wp-block-list\">\n<li>Doen\u00e7as Cr\u00f4nicas e Graves<\/li>\n<\/ol>\n\n\n\n<ul class=\"wp-block-list\">\n<li>C\u00e2ncer<\/li>\n\n\n\n<li>Esclerose M\u00faltipla<\/li>\n\n\n\n<li>Doen\u00e7a de Parkinson<\/li>\n\n\n\n<li>Esclerose Lateral Amiotr\u00f3fica (ELA)<\/li>\n\n\n\n<li>Insufici\u00eancia Renal Cr\u00f4nica<\/li>\n\n\n\n<li>Doen\u00e7as Card\u00edacas Graves<\/li>\n\n\n\n<li>HIV\/AIDS<\/li>\n<\/ul>\n\n\n\n<ol start=\"2\" class=\"wp-block-list\">\n<li>Defici\u00eancias F\u00edsicas<\/li>\n<\/ol>\n\n\n\n<ul class=\"wp-block-list\">\n<li>Paralisia total ou parcial<\/li>\n\n\n\n<li>Amputa\u00e7\u00f5es<\/li>\n\n\n\n<li>Defici\u00eancias motoras severas que impe\u00e7am a locomo\u00e7\u00e3o<\/li>\n<\/ul>\n\n\n\n<ol start=\"3\" class=\"wp-block-list\">\n<li>Defici\u00eancias Sensoriais<\/li>\n<\/ol>\n\n\n\n<ul class=\"wp-block-list\">\n<li>Defici\u00eancia visual (cegueira total)<\/li>\n\n\n\n<li>Defici\u00eancia auditiva severa ou surdez total<\/li>\n<\/ul>\n\n\n\n<ol start=\"4\" class=\"wp-block-list\">\n<li>Defici\u00eancias Intelectuais e Mentais<\/li>\n<\/ol>\n\n\n\n<ul class=\"wp-block-list\">\n<li>Transtornos intelectuais graves<\/li>\n\n\n\n<li>Autismo severo<\/li>\n<\/ul>\n\n\n\n<ol start=\"5\" class=\"wp-block-list\">\n<li>Outras Condi\u00e7\u00f5es Especiais<\/li>\n<\/ol>\n\n\n\n<ul class=\"wp-block-list\">\n<li>Qualquer outra condi\u00e7\u00e3o prevista em legisla\u00e7\u00e3o estadual espec\u00edfica, desde que comprovada por laudos m\u00e9dicos oficiais e reconhecida pelo \u00f3rg\u00e3o respons\u00e1vel pelo IPVA.<\/li>\n<\/ul>\n\n\n\n<p><\/p>\n","protected":false},"excerpt":{"rendered":"<p>O pagamento do IPVA \u00e9 uma obriga\u00e7\u00e3o anual para propriet\u00e1rios de ve\u00edculos em todo o Brasil, mas a legisla\u00e7\u00e3o prev\u00ea isen\u00e7\u00f5es para pessoas que se enquadram em condi\u00e7\u00f5es especiais de sa\u00fade. Pacientes com determinadas enfermidades podem ter direito a n\u00e3o pagar o imposto, garantindo um al\u00edvio financeiro importante para quem enfrenta tratamentos m\u00e9dicos cont\u00ednuos ou [&hellip;]<\/p>\n","protected":false},"author":4,"featured_media":1602,"comment_status":"open","ping_status":"open","sticky":false,"template":"","format":"standard","meta":{"jnews-multi-image_gallery":[],"jnews_single_post":{"format":"standard"},"jnews_primary_category":[],"jnews_social_meta":[],"jnews_post_split":[],"footnotes":""},"categories":[1],"tags":[],"class_list":["post-4239","post","type-post","status-publish","format-standard","has-post-thumbnail","hentry","category-uncategorized"],"_links":{"self":[{"href":"https:\/\/diariodepernambuco.audiencelabs.com.br\/wp-json\/wp\/v2\/posts\/4239","targetHints":{"allow":["GET"]}}],"collection":[{"href":"https:\/\/diariodepernambuco.audiencelabs.com.br\/wp-json\/wp\/v2\/posts"}],"about":[{"href":"https:\/\/diariodepernambuco.audiencelabs.com.br\/wp-json\/wp\/v2\/types\/post"}],"author":[{"embeddable":true,"href":"https:\/\/diariodepernambuco.audiencelabs.com.br\/wp-json\/wp\/v2\/users\/4"}],"replies":[{"embeddable":true,"href":"https:\/\/diariodepernambuco.audiencelabs.com.br\/wp-json\/wp\/v2\/comments?post=4239"}],"version-history":[{"count":2,"href":"https:\/\/diariodepernambuco.audiencelabs.com.br\/wp-json\/wp\/v2\/posts\/4239\/revisions"}],"predecessor-version":[{"id":4241,"href":"https:\/\/diariodepernambuco.audiencelabs.com.br\/wp-json\/wp\/v2\/posts\/4239\/revisions\/4241"}],"wp:featuredmedia":[{"embeddable":true,"href":"https:\/\/diariodepernambuco.audiencelabs.com.br\/wp-json\/wp\/v2\/media\/1602"}],"wp:attachment":[{"href":"https:\/\/diariodepernambuco.audiencelabs.com.br\/wp-json\/wp\/v2\/media?parent=4239"}],"wp:term":[{"taxonomy":"category","embeddable":true,"href":"https:\/\/diariodepernambuco.audiencelabs.com.br\/wp-json\/wp\/v2\/categories?post=4239"},{"taxonomy":"post_tag","embeddable":true,"href":"https:\/\/diariodepernambuco.audiencelabs.com.br\/wp-json\/wp\/v2\/tags?post=4239"}],"curies":[{"name":"wp","href":"https:\/\/api.w.org\/{rel}","templated":true}]}}