{"id":424,"date":"2025-08-05T18:30:00","date_gmt":"2025-08-05T21:30:00","guid":{"rendered":"https:\/\/diariodepernambuco.audiencelabs.com.br\/?p=424"},"modified":"2025-08-04T16:14:55","modified_gmt":"2025-08-04T19:14:55","slug":"japao-tem-9-milhoes-de-casas-abandonadas-por-motivo-inusitado","status":"publish","type":"post","link":"https:\/\/diariodepernambuco.audiencelabs.com.br\/japao-tem-9-milhoes-de-casas-abandonadas-por-motivo-inusitado\/","title":{"rendered":"Jap\u00e3o tem 9 milh\u00f5es de casas abandonadas por motivo inusitado"},"content":{"rendered":"\n<p>Apontado como o pa\u00eds com o 12\u00ba melhor IDH (\u00cdndice de Desenvolvimento Humano) do Mundo pela ONU (Organiza\u00e7\u00e3o das Na\u00e7\u00f5es Unidas), o Jap\u00e3o convive com um curioso problema habitacional: o pa\u00eds asi\u00e1tico atingiu um recorde de 9 milh\u00f5es de casas abandonadas. O n\u00famero \u00e9 mais do que suficiente para toda popula\u00e7\u00e3o da cidade do Rio de Janeiro.<\/p>\n\n\n\n<p>Conhecidas como \u201cakiya\u201d, um termo que geralmente se refere a casas residenciais abandonadas escondidas em \u00e1reas rurais, est\u00e3o cada vez mais sendo encontradas nas grandes cidades, como T\u00f3quio e Kyoto. De acordo com dados compilados pelo Minist\u00e9rio de Assuntos Internos e Comunica\u00e7\u00f5es, 14% de todos os im\u00f3veis residenciais no Jap\u00e3o est\u00e3o vagos.<\/p>\n\n\n\n<p>A explica\u00e7\u00e3o para tudo isso \u00e9 ainda mais curiosa: o envelhecimento da popula\u00e7\u00e3o e a queda alarmante no n\u00famero de crian\u00e7as nascidas todos os anos. As akiya s\u00e3o frequentemente recebidas de gera\u00e7\u00e3o em gera\u00e7\u00e3o. Mas com a queda acentuada da taxa de fertilidade no Jap\u00e3o, muitos ficam sem herdeiros para quem repassar.<\/p>\n\n\n\n<p>A popula\u00e7\u00e3o japonesa est\u00e1 em decl\u00ednio h\u00e1 v\u00e1rios anos. Na \u00faltima contagem, realizada em 2022, a popula\u00e7\u00e3o tinha diminu\u00eddo em mais de 800 mil desde o ano anterior e apontou 125,4 milh\u00f5es de habitantes. Em 2023, o n\u00famero de novos nascimentos caiu pelo oitavo ano consecutivo, atingindo um m\u00ednimo hist\u00f3rico, segundo dados oficiais.<\/p>\n\n\n\n<h2 class=\"wp-block-heading\">Casas vazias causaram problemas no passado<\/h2>\n\n\n\n<p>Em entrevista \u00e0 CNN Brasil, Yuki Akiyama, professor da faculdade de arquitetura e urbanismo da Universidade da Cidade de T\u00f3quio, relembrou que as &#8216;akiyas&#8217; j\u00e1 causaram problemas no passado, quando um terremoto de magnitude 7,5 atingiu a pen\u00ednsula de Noto, na prov\u00edncia central de Ishikawa, em janeiro de 2024.<\/p>\n\n\n\n<p>&#8220;Quando ocorre um terremoto ou tsunami, existe a possibilidade de que as casas vazias bloqueiem as rotas de evacua\u00e7\u00e3o \u00e0 medida que quebram e s\u00e3o destru\u00eddas&#8221;, disse Akiyama.<\/p>\n\n\n\n<p>Ap\u00f3s o terremoto, as autoridades tiveram dificuldades para decidir quais propriedades danificadas poderiam limpar devido \u00e0 falta de clareza sobre a propriedade, o que representava \u201cum obst\u00e1culo para a reconstru\u00e7\u00e3o\u201d, concluiu o professor.<\/p>\n\n\n\n<p><\/p>\n","protected":false},"excerpt":{"rendered":"<p>Apontado como o pa\u00eds com o 12\u00ba melhor IDH (\u00cdndice de Desenvolvimento Humano) do Mundo pela ONU (Organiza\u00e7\u00e3o das Na\u00e7\u00f5es Unidas), o Jap\u00e3o convive com um curioso problema habitacional: o pa\u00eds asi\u00e1tico atingiu um recorde de 9 milh\u00f5es de casas abandonadas. O n\u00famero \u00e9 mais do que suficiente para toda popula\u00e7\u00e3o da cidade do Rio [&hellip;]<\/p>\n","protected":false},"author":4,"featured_media":426,"comment_status":"open","ping_status":"open","sticky":false,"template":"","format":"standard","meta":{"jnews-multi-image_gallery":[],"jnews_single_post":{"format":"standard"},"jnews_primary_category":[],"jnews_social_meta":[],"jnews_post_split":[],"footnotes":""},"categories":[1],"tags":[],"class_list":["post-424","post","type-post","status-publish","format-standard","has-post-thumbnail","hentry","category-uncategorized"],"_links":{"self":[{"href":"https:\/\/diariodepernambuco.audiencelabs.com.br\/wp-json\/wp\/v2\/posts\/424","targetHints":{"allow":["GET"]}}],"collection":[{"href":"https:\/\/diariodepernambuco.audiencelabs.com.br\/wp-json\/wp\/v2\/posts"}],"about":[{"href":"https:\/\/diariodepernambuco.audiencelabs.com.br\/wp-json\/wp\/v2\/types\/post"}],"author":[{"embeddable":true,"href":"https:\/\/diariodepernambuco.audiencelabs.com.br\/wp-json\/wp\/v2\/users\/4"}],"replies":[{"embeddable":true,"href":"https:\/\/diariodepernambuco.audiencelabs.com.br\/wp-json\/wp\/v2\/comments?post=424"}],"version-history":[{"count":3,"href":"https:\/\/diariodepernambuco.audiencelabs.com.br\/wp-json\/wp\/v2\/posts\/424\/revisions"}],"predecessor-version":[{"id":429,"href":"https:\/\/diariodepernambuco.audiencelabs.com.br\/wp-json\/wp\/v2\/posts\/424\/revisions\/429"}],"wp:featuredmedia":[{"embeddable":true,"href":"https:\/\/diariodepernambuco.audiencelabs.com.br\/wp-json\/wp\/v2\/media\/426"}],"wp:attachment":[{"href":"https:\/\/diariodepernambuco.audiencelabs.com.br\/wp-json\/wp\/v2\/media?parent=424"}],"wp:term":[{"taxonomy":"category","embeddable":true,"href":"https:\/\/diariodepernambuco.audiencelabs.com.br\/wp-json\/wp\/v2\/categories?post=424"},{"taxonomy":"post_tag","embeddable":true,"href":"https:\/\/diariodepernambuco.audiencelabs.com.br\/wp-json\/wp\/v2\/tags?post=424"}],"curies":[{"name":"wp","href":"https:\/\/api.w.org\/{rel}","templated":true}]}}