{"id":4285,"date":"2025-09-23T19:00:00","date_gmt":"2025-09-23T22:00:00","guid":{"rendered":"https:\/\/diariodepernambuco.audiencelabs.com.br\/?p=4285"},"modified":"2025-09-22T13:40:05","modified_gmt":"2025-09-22T16:40:05","slug":"super-loja-milionaria-recem-chegou-ao-brasil-e-ja-vai-embora","status":"publish","type":"post","link":"https:\/\/diariodepernambuco.audiencelabs.com.br\/super-loja-milionaria-recem-chegou-ao-brasil-e-ja-vai-embora\/","title":{"rendered":"Super loja milion\u00e1ria rec\u00e9m chegou ao Brasil e j\u00e1 vai embora"},"content":{"rendered":"\n<p>A loja tempor\u00e1ria da Shein, que movimentou Porto Alegre durante a \u00faltima semana, j\u00e1 deu adeus a capital ga\u00facha. O espa\u00e7o montado em um famoso shopping da cidade funcionou entre quarta-feira (17) e domingo (21). Antes mesmo de abrir o espa\u00e7o para os visitantes, a empresa j\u00e1 havia anunciado que todas as entradas estavam esgotadas.<\/p>\n\n\n\n<p>Porto Alegre se tornou a 8\u00aa cidade brasileira a receber uma &#8220;pop-up store&#8221;, que chegou ao Rio Grande do Sul cerca de um ano ap\u00f3s o governo federal implementar o imposto de importa\u00e7\u00e3o de 20% sobre compras de at\u00e9 US$ 50 em plataformas online. A medida, conhecida popularmente como a \u201ctaxa das blusinhas\u201d, afetou plataformas internacionais como Shopee, AliExpress e a pr\u00f3pria Shein.<\/p>\n\n\n\n<p>Modelo da loja tempor\u00e1ria que ser\u00e1 aberta em Porto Alegre \u2014 Foto: Shein\/Divulga\u00e7\u00e3o<\/p>\n\n\n\n<p>Foram disponibilizadas mais de 12 mil pe\u00e7as de roupas, com curadoria voltada para o p\u00fablico do Rio Grande do Sul, incluindo moda feminina, masculina, infantil e pet. A iniciativa foi inspirada na Semana Farroupilha. Segundo a empresa, os pre\u00e7os variaram de R$ 12,95 a R$ 344,99, e os tamanhos iam do PP ao G5.<\/p>\n\n\n\n<p>Durante os cinco dias, os produtos receberam 10% de desconto, sem exig\u00eancia de valor m\u00ednimo de compra. Para compras acima de R$ 399, o desconto subiu para 20%. De acordo com a Shein, a loja recebeu cerca de 3 mil visitantes por dia.<\/p>\n\n\n\n<h2 class=\"wp-block-heading\">N\u00fameros da Shein em 2025<\/h2>\n\n\n\n<p>A Shein, gigante global do fast fashion, manteve sua posi\u00e7\u00e3o de destaque no mercado em 2025, apresentando n\u00fameros impressionantes. No primeiro trimestre de 2025, a empresa gerou aproximadamente US$ 10 bilh\u00f5es em receita.<\/p>\n\n\n\n<p>Em 2024, as vendas globais da Shein alcan\u00e7aram US$ 38 bilh\u00f5es, refletindo um crescimento de 18% em rela\u00e7\u00e3o ao ano anterior. No Brasil, a Shein continua a expandir sua presen\u00e7a. A empresa lan\u00e7ou seu marketplace em S\u00e3o Paulo em 2022 e, at\u00e9 fevereiro de 2025, j\u00e1 contava com 30.000 vendedores ativos, com planos de atingir 50.000 at\u00e9 o final de 2025.<\/p>\n\n\n\n<p><\/p>\n","protected":false},"excerpt":{"rendered":"<p>A loja tempor\u00e1ria da Shein, que movimentou Porto Alegre durante a \u00faltima semana, j\u00e1 deu adeus a capital ga\u00facha. O espa\u00e7o montado em um famoso shopping da cidade funcionou entre quarta-feira (17) e domingo (21). Antes mesmo de abrir o espa\u00e7o para os visitantes, a empresa j\u00e1 havia anunciado que todas as entradas estavam esgotadas. [&hellip;]<\/p>\n","protected":false},"author":4,"featured_media":4287,"comment_status":"open","ping_status":"open","sticky":false,"template":"","format":"standard","meta":{"jnews-multi-image_gallery":[],"jnews_single_post":{"format":"standard"},"jnews_primary_category":[],"jnews_social_meta":[],"jnews_post_split":[],"footnotes":""},"categories":[1],"tags":[],"class_list":["post-4285","post","type-post","status-publish","format-standard","has-post-thumbnail","hentry","category-uncategorized"],"_links":{"self":[{"href":"https:\/\/diariodepernambuco.audiencelabs.com.br\/wp-json\/wp\/v2\/posts\/4285","targetHints":{"allow":["GET"]}}],"collection":[{"href":"https:\/\/diariodepernambuco.audiencelabs.com.br\/wp-json\/wp\/v2\/posts"}],"about":[{"href":"https:\/\/diariodepernambuco.audiencelabs.com.br\/wp-json\/wp\/v2\/types\/post"}],"author":[{"embeddable":true,"href":"https:\/\/diariodepernambuco.audiencelabs.com.br\/wp-json\/wp\/v2\/users\/4"}],"replies":[{"embeddable":true,"href":"https:\/\/diariodepernambuco.audiencelabs.com.br\/wp-json\/wp\/v2\/comments?post=4285"}],"version-history":[{"count":2,"href":"https:\/\/diariodepernambuco.audiencelabs.com.br\/wp-json\/wp\/v2\/posts\/4285\/revisions"}],"predecessor-version":[{"id":4289,"href":"https:\/\/diariodepernambuco.audiencelabs.com.br\/wp-json\/wp\/v2\/posts\/4285\/revisions\/4289"}],"wp:featuredmedia":[{"embeddable":true,"href":"https:\/\/diariodepernambuco.audiencelabs.com.br\/wp-json\/wp\/v2\/media\/4287"}],"wp:attachment":[{"href":"https:\/\/diariodepernambuco.audiencelabs.com.br\/wp-json\/wp\/v2\/media?parent=4285"}],"wp:term":[{"taxonomy":"category","embeddable":true,"href":"https:\/\/diariodepernambuco.audiencelabs.com.br\/wp-json\/wp\/v2\/categories?post=4285"},{"taxonomy":"post_tag","embeddable":true,"href":"https:\/\/diariodepernambuco.audiencelabs.com.br\/wp-json\/wp\/v2\/tags?post=4285"}],"curies":[{"name":"wp","href":"https:\/\/api.w.org\/{rel}","templated":true}]}}