{"id":4290,"date":"2025-09-23T20:00:00","date_gmt":"2025-09-23T23:00:00","guid":{"rendered":"https:\/\/diariodepernambuco.audiencelabs.com.br\/?p=4290"},"modified":"2025-09-22T15:16:23","modified_gmt":"2025-09-22T18:16:23","slug":"bolsa-familia-por-r-1-mil-decreto-confirmou-pagamento","status":"publish","type":"post","link":"https:\/\/diariodepernambuco.audiencelabs.com.br\/bolsa-familia-por-r-1-mil-decreto-confirmou-pagamento\/","title":{"rendered":"Bolsa Fam\u00edlia por R$ 1 mil? Decreto confirmou pagamento"},"content":{"rendered":"\n<p>O calend\u00e1rio de pagamentos do Bolsa Fam\u00edlia em setembro de 2025 teve in\u00edcio no dia 17, com os benefici\u00e1rios de NIS final 1 recebendo primeiro. Nesta ter\u00e7a-feira (23), ser\u00e1 a vez dos inscritos com NIS terminado em 5.<\/p>\n\n\n\n<p>O cronograma segue at\u00e9 o dia 30, quando recebem os benefici\u00e1rios com NIS final 0. Neste m\u00eas, parte das fam\u00edlias tamb\u00e9m contar\u00e1 com o aux\u00edlio-g\u00e1s. O Bolsa Fam\u00edlia garante um valor m\u00ednimo de R$ 600 por fam\u00edlia, com poss\u00edveis acr\u00e9scimos conforme a composi\u00e7\u00e3o familiar.<\/p>\n\n\n\n<p>Um exemplo \u00e9 o Benef\u00edcio Vari\u00e1vel Familiar Nutriz, que concede seis parcelas de R$ 50 a m\u00e3es de beb\u00eas de at\u00e9 seis meses, ajudando a garantir a alimenta\u00e7\u00e3o da crian\u00e7a. Al\u00e9m disso, h\u00e1 um acr\u00e9scimo de R$ 50 para fam\u00edlias com gestantes e filhos entre 7 e 18 anos, e outro de R$ 150 para aquelas que t\u00eam crian\u00e7as de at\u00e9 seis anos.<\/p>\n\n\n\n<p>O aux\u00edlio-g\u00e1s, por sua vez, foi criado pelo governo federal para reduzir o impacto do pre\u00e7o do g\u00e1s de cozinha no or\u00e7amento das fam\u00edlias mais vulner\u00e1veis. O benef\u00edcio equivale a 100% do valor m\u00e9dio nacional do botij\u00e3o de 13 kg, calculado pela Ag\u00eancia Nacional do Petr\u00f3leo, G\u00e1s Natural e Biocombust\u00edveis (ANP) com base nos pre\u00e7os dos \u00faltimos seis meses.<\/p>\n\n\n\n<h2 class=\"wp-block-heading\">Calend\u00e1rio de pagamentos do Bolsa Fam\u00edlia em setembro<\/h2>\n\n\n\n<p>17 de setembro &#8211; NIS final 1<br>18 de setembro &#8211; NIS final 2<br>19 de setembro &#8211; NIS final 3<br>22 de setembro &#8211; NIS final 4<br>23 de setembro &#8211; NIS final 5<br>24 de setembro &#8211; NIS final 6<br>25 de setembro &#8211; NIS final 7<br>26 de setembro &#8211; NIS final 8<br>29 de setembro &#8211; NIS final 9<br>30 de setembro &#8211; NIS final 0<\/p>\n\n\n\n<h2 class=\"wp-block-heading\">Quem pode receber o Bolsa Fam\u00edlia?<\/h2>\n\n\n\n<p>O Bolsa Fam\u00edlia \u00e9 destinado a fam\u00edlias em situa\u00e7\u00e3o de vulnerabilidade social e segue crit\u00e9rios definidos pelo governo federal. Para ter direito ao benef\u00edcio, \u00e9 necess\u00e1rio:<\/p>\n\n\n\n<p><strong>\ud83d\udccc Renda por pessoa da fam\u00edlia<\/strong>: estar em situa\u00e7\u00e3o de pobreza ou extrema pobreza.<\/p>\n\n\n\n<ul class=\"wp-block-list\">\n<li>Extrema pobreza: renda mensal de at\u00e9 R$ 105 por pessoa.<\/li>\n\n\n\n<li>Pobreza: renda mensal entre R$ 105,01 e R$ 218 por pessoa, desde que haja gestantes, crian\u00e7as ou adolescentes de at\u00e9 17 anos na fam\u00edlia.<\/li>\n<\/ul>\n\n\n\n<p><strong>\ud83d\udccc Inscri\u00e7\u00e3o no Cadastro \u00danico (Cad\u00danico)<\/strong>: a fam\u00edlia precisa estar registrada e com os dados atualizados.<\/p>\n\n\n\n<p><strong>\ud83d\udccc Cumprir as condicionalidades do programa, como<\/strong>:<\/p>\n\n\n\n<ul class=\"wp-block-list\">\n<li>Manter crian\u00e7as e adolescentes na escola com frequ\u00eancia m\u00ednima exigida.<\/li>\n\n\n\n<li>Garantir o acompanhamento de sa\u00fade de gestantes, nutrizes (m\u00e3es que amamentam) e crian\u00e7as.<\/li>\n\n\n\n<li>Seguir o calend\u00e1rio nacional de vacina\u00e7\u00e3o.<\/li>\n<\/ul>\n\n\n\n<p><\/p>\n","protected":false},"excerpt":{"rendered":"<p>O calend\u00e1rio de pagamentos do Bolsa Fam\u00edlia em setembro de 2025 teve in\u00edcio no dia 17, com os benefici\u00e1rios de NIS final 1 recebendo primeiro. Nesta ter\u00e7a-feira (23), ser\u00e1 a vez dos inscritos com NIS terminado em 5. O cronograma segue at\u00e9 o dia 30, quando recebem os benefici\u00e1rios com NIS final 0. Neste m\u00eas, [&hellip;]<\/p>\n","protected":false},"author":4,"featured_media":1522,"comment_status":"open","ping_status":"open","sticky":false,"template":"","format":"standard","meta":{"jnews-multi-image_gallery":[],"jnews_single_post":{"format":"standard"},"jnews_primary_category":[],"jnews_social_meta":[],"jnews_post_split":[],"footnotes":""},"categories":[1],"tags":[],"class_list":["post-4290","post","type-post","status-publish","format-standard","has-post-thumbnail","hentry","category-uncategorized"],"_links":{"self":[{"href":"https:\/\/diariodepernambuco.audiencelabs.com.br\/wp-json\/wp\/v2\/posts\/4290","targetHints":{"allow":["GET"]}}],"collection":[{"href":"https:\/\/diariodepernambuco.audiencelabs.com.br\/wp-json\/wp\/v2\/posts"}],"about":[{"href":"https:\/\/diariodepernambuco.audiencelabs.com.br\/wp-json\/wp\/v2\/types\/post"}],"author":[{"embeddable":true,"href":"https:\/\/diariodepernambuco.audiencelabs.com.br\/wp-json\/wp\/v2\/users\/4"}],"replies":[{"embeddable":true,"href":"https:\/\/diariodepernambuco.audiencelabs.com.br\/wp-json\/wp\/v2\/comments?post=4290"}],"version-history":[{"count":2,"href":"https:\/\/diariodepernambuco.audiencelabs.com.br\/wp-json\/wp\/v2\/posts\/4290\/revisions"}],"predecessor-version":[{"id":4293,"href":"https:\/\/diariodepernambuco.audiencelabs.com.br\/wp-json\/wp\/v2\/posts\/4290\/revisions\/4293"}],"wp:featuredmedia":[{"embeddable":true,"href":"https:\/\/diariodepernambuco.audiencelabs.com.br\/wp-json\/wp\/v2\/media\/1522"}],"wp:attachment":[{"href":"https:\/\/diariodepernambuco.audiencelabs.com.br\/wp-json\/wp\/v2\/media?parent=4290"}],"wp:term":[{"taxonomy":"category","embeddable":true,"href":"https:\/\/diariodepernambuco.audiencelabs.com.br\/wp-json\/wp\/v2\/categories?post=4290"},{"taxonomy":"post_tag","embeddable":true,"href":"https:\/\/diariodepernambuco.audiencelabs.com.br\/wp-json\/wp\/v2\/tags?post=4290"}],"curies":[{"name":"wp","href":"https:\/\/api.w.org\/{rel}","templated":true}]}}