{"id":4304,"date":"2025-09-23T14:45:00","date_gmt":"2025-09-23T17:45:00","guid":{"rendered":"https:\/\/diariodepernambuco.audiencelabs.com.br\/?p=4304"},"modified":"2025-09-29T19:43:04","modified_gmt":"2025-09-29T22:43:04","slug":"quais-iphones-que-nunca-mais-vao-atualizar-e-perderam-valor","status":"publish","type":"post","link":"https:\/\/diariodepernambuco.audiencelabs.com.br\/quais-iphones-que-nunca-mais-vao-atualizar-e-perderam-valor\/","title":{"rendered":"Quais iPhones que nunca mais v\u00e3o atualizar e perderam valor?"},"content":{"rendered":"\n<p>A Apple confirmou que, em 2025, seguir\u00e1 oferecendo atualiza\u00e7\u00f5es de sistema para parte de sua linha de smartphones. Entre os modelos que permanecem compat\u00edveis est\u00e3o os iPhone 11, 11 Pro, 11 Pro Max e o iPhone SE de terceira gera\u00e7\u00e3o.<\/p>\n\n\n\n<p>O motivo \u00e9 o ciclo de suporte da empresa, que costuma variar entre cinco e sete anos ap\u00f3s o lan\u00e7amento de cada dispositivo. Dessa forma, al\u00e9m dos modelos citados, toda a linha iPhone 12 e as gera\u00e7\u00f5es posteriores continuam habilitadas para receber as novidades do iOS.<\/p>\n\n\n\n<h2 class=\"wp-block-heading\">Benef\u00edcios de permanecer atualizado<\/h2>\n\n\n\n<p>Com a manuten\u00e7\u00e3o do suporte, esses aparelhos poder\u00e3o acessar recursos mais recentes do sistema operacional, al\u00e9m de atualiza\u00e7\u00f5es de seguran\u00e7a. Segundo a Apple, esse processo garante maior desempenho, estabilidade e prote\u00e7\u00e3o contra amea\u00e7as digitais, prolongando a vida \u00fatil dos dispositivos.<\/p>\n\n\n\n<h2 class=\"wp-block-heading\">Modelos que deixam de receber suporte<\/h2>\n\n\n\n<p>Por outro lado, nem todos os smartphones da marca acompanhar\u00e3o o iOS 26, liberado nesta segunda-feira (15). Os modelos iPhone X, XR, XS, XS Max e o iPhone SE de segunda gera\u00e7\u00e3o n\u00e3o ter\u00e3o mais acesso \u00e0s vers\u00f5es completas do sistema.<\/p>\n\n\n\n<p>Apesar disso, a Apple ainda poder\u00e1 disponibilizar pacotes de seguran\u00e7a para esses aparelhos, embora n\u00e3o tenha informado por quanto tempo esse suporte extra ser\u00e1 mantido. O encerramento das atualiza\u00e7\u00f5es plenas est\u00e1 ligado \u00e0s limita\u00e7\u00f5es de hardware, j\u00e1 que processadores e componentes mais antigos n\u00e3o suportam plenamente as exig\u00eancias das novas funcionalidades.<\/p>\n\n\n\n<h2 class=\"wp-block-heading\">Como aproveitar melhor o aparelho<\/h2>\n\n\n\n<p>Para quem possui modelos que continuam no cronograma, a recomenda\u00e7\u00e3o \u00e9 manter sempre o sistema atualizado. Instalar as vers\u00f5es mais recentes do iOS n\u00e3o apenas garante novos recursos, mas tamb\u00e9m refor\u00e7a a seguran\u00e7a do aparelho contra falhas e vulnerabilidades.<\/p>\n\n\n\n<p>Aten\u00e7\u00e3o ao calend\u00e1rio de lan\u00e7amentos e ao espa\u00e7o de armazenamento dispon\u00edvel tamb\u00e9m ajuda a preparar o iPhone para as mudan\u00e7as. Dessa forma, usu\u00e1rios conseguem prolongar a relev\u00e2ncia dos dispositivos e evitar quedas de desempenho.<\/p>\n","protected":false},"excerpt":{"rendered":"<p>A Apple confirmou que, em 2025, seguir\u00e1 oferecendo atualiza\u00e7\u00f5es de sistema para parte de sua linha de smartphones. Entre os modelos que permanecem compat\u00edveis est\u00e3o os iPhone 11, 11 Pro, 11 Pro Max e o iPhone SE de terceira gera\u00e7\u00e3o. O motivo \u00e9 o ciclo de suporte da empresa, que costuma variar entre cinco e [&hellip;]<\/p>\n","protected":false},"author":7,"featured_media":3347,"comment_status":"open","ping_status":"open","sticky":false,"template":"","format":"standard","meta":{"jnews-multi-image_gallery":[],"jnews_single_post":{"format":"standard"},"jnews_primary_category":[],"jnews_social_meta":[],"jnews_post_split":[],"footnotes":""},"categories":[1],"tags":[],"class_list":["post-4304","post","type-post","status-publish","format-standard","has-post-thumbnail","hentry","category-uncategorized"],"_links":{"self":[{"href":"https:\/\/diariodepernambuco.audiencelabs.com.br\/wp-json\/wp\/v2\/posts\/4304","targetHints":{"allow":["GET"]}}],"collection":[{"href":"https:\/\/diariodepernambuco.audiencelabs.com.br\/wp-json\/wp\/v2\/posts"}],"about":[{"href":"https:\/\/diariodepernambuco.audiencelabs.com.br\/wp-json\/wp\/v2\/types\/post"}],"author":[{"embeddable":true,"href":"https:\/\/diariodepernambuco.audiencelabs.com.br\/wp-json\/wp\/v2\/users\/7"}],"replies":[{"embeddable":true,"href":"https:\/\/diariodepernambuco.audiencelabs.com.br\/wp-json\/wp\/v2\/comments?post=4304"}],"version-history":[{"count":2,"href":"https:\/\/diariodepernambuco.audiencelabs.com.br\/wp-json\/wp\/v2\/posts\/4304\/revisions"}],"predecessor-version":[{"id":4995,"href":"https:\/\/diariodepernambuco.audiencelabs.com.br\/wp-json\/wp\/v2\/posts\/4304\/revisions\/4995"}],"wp:featuredmedia":[{"embeddable":true,"href":"https:\/\/diariodepernambuco.audiencelabs.com.br\/wp-json\/wp\/v2\/media\/3347"}],"wp:attachment":[{"href":"https:\/\/diariodepernambuco.audiencelabs.com.br\/wp-json\/wp\/v2\/media?parent=4304"}],"wp:term":[{"taxonomy":"category","embeddable":true,"href":"https:\/\/diariodepernambuco.audiencelabs.com.br\/wp-json\/wp\/v2\/categories?post=4304"},{"taxonomy":"post_tag","embeddable":true,"href":"https:\/\/diariodepernambuco.audiencelabs.com.br\/wp-json\/wp\/v2\/tags?post=4304"}],"curies":[{"name":"wp","href":"https:\/\/api.w.org\/{rel}","templated":true}]}}