{"id":4306,"date":"2025-09-27T10:05:00","date_gmt":"2025-09-27T13:05:00","guid":{"rendered":"https:\/\/diariodepernambuco.audiencelabs.com.br\/?p=4306"},"modified":"2025-09-22T17:36:02","modified_gmt":"2025-09-22T20:36:02","slug":"ipva-dobrado-para-varios-brasileiros-foi-oficializado","status":"publish","type":"post","link":"https:\/\/diariodepernambuco.audiencelabs.com.br\/ipva-dobrado-para-varios-brasileiros-foi-oficializado\/","title":{"rendered":"IPVA dobrado para v\u00e1rios brasileiros foi oficializado"},"content":{"rendered":"\n<p>O Distrito Federal \u00e9 a \u00fanica unidade da federa\u00e7\u00e3o que concede isen\u00e7\u00e3o total do IPVA para todos os ve\u00edculos h\u00edbridos e el\u00e9tricos, sem restri\u00e7\u00e3o de ano, modelo ou valor. Essa medida atrai pessoas de outras regi\u00f5es, seja para registrar o ve\u00edculo na capital ou para realizar a compra e o registro diretamente no DF.<\/p>\n\n\n\n<p>Essa pr\u00e1tica desencadeou uma opera\u00e7\u00e3o conjunta da Pol\u00edcia Civil de Goi\u00e1s (PCGO) e da Secretaria de Economia de Goi\u00e1s. At\u00e9 o momento, cerca de 700 propriet\u00e1rios de ve\u00edculos el\u00e9tricos\/h\u00edbridos foram notificados por agir dessa forma.<\/p>\n\n\n\n<p>De acordo com a Secretaria de Economia, parte dos ve\u00edculos foram adquiridos em Goi\u00e1s e depois transferidos para o DF, mas tamb\u00e9m tiveram aqueles que foram adquiridos e registrados na capital do pa\u00eds para, em seguida, irem ao estado vizinho.<\/p>\n\n\n\n<p>A opera\u00e7\u00e3o, iniciada em 2024, resulta do trabalho conjunto da Secretaria de Economia, por meio das Ger\u00eancias de Intelig\u00eancia Fiscal e de IPVA, e da Delegacia Estadual de Repress\u00e3o a Crimes Contra a Ordem Tribut\u00e1ria (DOT). De acordo com a investiga\u00e7\u00e3o, os propriet\u00e1rios residem em Goi\u00e1s, mas registraram os ve\u00edculos em outras unidades da federa\u00e7\u00e3o com o objetivo de obter a isen\u00e7\u00e3o do IPVA.<\/p>\n\n\n\n<p>O preju\u00edzo estimado aos cofres p\u00fablicos com as fraudes atingiu cerca de R$ 10 milh\u00f5es. Considerando o crescimento da frota de ve\u00edculos el\u00e9tricos e h\u00edbridos, a proje\u00e7\u00e3o \u00e9 de que o impacto chegue a R$ 100 milh\u00f5es at\u00e9 2027, caso a pr\u00e1tica n\u00e3o fosse combatida.<\/p>\n\n\n\n<h2 class=\"wp-block-heading\">Recupera\u00e7\u00e3o de milh\u00f5es aos cofres p\u00fablicos<\/h2>\n\n\n\n<p>A Secretaria da Economia de Goi\u00e1s, por meio da Receita Estadual, estima a recupera\u00e7\u00e3o de R$ 4 milh\u00f5es aos cofres p\u00fablicos, decorrentes da Opera\u00e7\u00e3o Qu\u00edron.<\/p>\n\n\n\n<p>Os propriet\u00e1rios notificados ter\u00e3o que recolher o IPVA referente aos anos em que os ve\u00edculos ficaram irregularmente registrados fora do estado, acrescido de multa punitiva de 100%, al\u00e9m de serem obrigados a transferir os ve\u00edculos para Goi\u00e1s.<\/p>\n\n\n\n<p><\/p>\n","protected":false},"excerpt":{"rendered":"<p>O Distrito Federal \u00e9 a \u00fanica unidade da federa\u00e7\u00e3o que concede isen\u00e7\u00e3o total do IPVA para todos os ve\u00edculos h\u00edbridos e el\u00e9tricos, sem restri\u00e7\u00e3o de ano, modelo ou valor. Essa medida atrai pessoas de outras regi\u00f5es, seja para registrar o ve\u00edculo na capital ou para realizar a compra e o registro diretamente no DF. Essa [&hellip;]<\/p>\n","protected":false},"author":4,"featured_media":4311,"comment_status":"open","ping_status":"open","sticky":false,"template":"","format":"standard","meta":{"jnews-multi-image_gallery":[],"jnews_single_post":[],"jnews_primary_category":[],"jnews_social_meta":[],"jnews_post_split":[],"footnotes":""},"categories":[1],"tags":[],"class_list":["post-4306","post","type-post","status-publish","format-standard","has-post-thumbnail","hentry","category-uncategorized"],"_links":{"self":[{"href":"https:\/\/diariodepernambuco.audiencelabs.com.br\/wp-json\/wp\/v2\/posts\/4306","targetHints":{"allow":["GET"]}}],"collection":[{"href":"https:\/\/diariodepernambuco.audiencelabs.com.br\/wp-json\/wp\/v2\/posts"}],"about":[{"href":"https:\/\/diariodepernambuco.audiencelabs.com.br\/wp-json\/wp\/v2\/types\/post"}],"author":[{"embeddable":true,"href":"https:\/\/diariodepernambuco.audiencelabs.com.br\/wp-json\/wp\/v2\/users\/4"}],"replies":[{"embeddable":true,"href":"https:\/\/diariodepernambuco.audiencelabs.com.br\/wp-json\/wp\/v2\/comments?post=4306"}],"version-history":[{"count":3,"href":"https:\/\/diariodepernambuco.audiencelabs.com.br\/wp-json\/wp\/v2\/posts\/4306\/revisions"}],"predecessor-version":[{"id":4315,"href":"https:\/\/diariodepernambuco.audiencelabs.com.br\/wp-json\/wp\/v2\/posts\/4306\/revisions\/4315"}],"wp:featuredmedia":[{"embeddable":true,"href":"https:\/\/diariodepernambuco.audiencelabs.com.br\/wp-json\/wp\/v2\/media\/4311"}],"wp:attachment":[{"href":"https:\/\/diariodepernambuco.audiencelabs.com.br\/wp-json\/wp\/v2\/media?parent=4306"}],"wp:term":[{"taxonomy":"category","embeddable":true,"href":"https:\/\/diariodepernambuco.audiencelabs.com.br\/wp-json\/wp\/v2\/categories?post=4306"},{"taxonomy":"post_tag","embeddable":true,"href":"https:\/\/diariodepernambuco.audiencelabs.com.br\/wp-json\/wp\/v2\/tags?post=4306"}],"curies":[{"name":"wp","href":"https:\/\/api.w.org\/{rel}","templated":true}]}}