{"id":4331,"date":"2025-09-24T08:00:00","date_gmt":"2025-09-24T11:00:00","guid":{"rendered":"https:\/\/diariodepernambuco.audiencelabs.com.br\/?p=4331"},"modified":"2025-09-23T09:00:12","modified_gmt":"2025-09-23T12:00:12","slug":"valor-do-bolsa-familia-vai-aumentar-de-vez-agora","status":"publish","type":"post","link":"https:\/\/diariodepernambuco.audiencelabs.com.br\/valor-do-bolsa-familia-vai-aumentar-de-vez-agora\/","title":{"rendered":"Valor do Bolsa Fam\u00edlia vai aumentar de vez agora?"},"content":{"rendered":"\n<p>Com a bagagem de quem participou de seis das nove elei\u00e7\u00f5es presidenciais diretas desde a redemocratiza\u00e7\u00e3o, Lula recorre a uma de suas estrat\u00e9gias mais recorrentes para impulsionar a candidatura \u00e0 reelei\u00e7\u00e3o: utilizar a m\u00e1quina p\u00fablica e divulgar medidas de apelo popular. A mais relevante delas est\u00e1 ligada ao Bolsa Fam\u00edlia, programa j\u00e1 tradicional em sua trajet\u00f3ria pol\u00edtica.<\/p>\n\n\n\n<p>No final do ano passado, o presidente anunciou a isen\u00e7\u00e3o do Imposto de Renda para quem recebe at\u00e9 5 mil reais por m\u00eas, medida que ainda precisa ser aprovada pelo Congresso para entrar em vigor no pr\u00f3ximo ano. Al\u00e9m disso, ampliou o benef\u00edcio do g\u00e1s de cozinha e assegurou a isen\u00e7\u00e3o ou a redu\u00e7\u00e3o na conta de luz para at\u00e9 60 milh\u00f5es de brasileiros.<\/p>\n\n\n\n<p>Outras iniciativas est\u00e3o em prepara\u00e7\u00e3o. Lula j\u00e1 mencionou, por exemplo, a cria\u00e7\u00e3o de um programa voltado \u00e0 reforma de im\u00f3veis \u2014 ou \u00e0 constru\u00e7\u00e3o de um \u201cpuxadinho\u201d, como ele pr\u00f3prio definiu. Ainda assim, nada se compara a duas medidas que v\u00eam sendo elaboradas dentro do Pal\u00e1cio do Planalto.<\/p>\n\n\n\n<p>Ex-ministra do Planejamento no governo Dilma Rousseff e atual secret\u00e1ria-executiva da Casa Civil, a petista Miriam Belchior foi incumbida pelo presidente de, junto \u00e0 equipe econ\u00f4mica, buscar espa\u00e7o no Or\u00e7amento para viabilizar tanto o aumento do valor do Bolsa Fam\u00edlia quanto a cria\u00e7\u00e3o de um programa de passe livre no transporte urbano.<\/p>\n\n\n\n<p>Essas medidas s\u00e3o vistas como estrat\u00e9gias-chave para impulsionar a recupera\u00e7\u00e3o da popularidade do presidente. A \u00faltima pesquisa Genial\/Quaest revelou que a aprova\u00e7\u00e3o ao desempenho de Lula permaneceu est\u00e1vel entre agosto e setembro, em 46% \u2014 cinco pontos acima do registrado em mar\u00e7o, quando ele ainda enfrentava os efeitos da campanha da oposi\u00e7\u00e3o que o acusava de pretender taxar o PIX.<\/p>\n\n\n\n<h2 class=\"wp-block-heading\">Quem tem direito ao Bolsa Fam\u00edlia?<\/h2>\n\n\n\n<p>O Bolsa Fam\u00edlia \u00e9 voltado para fam\u00edlias em situa\u00e7\u00e3o de vulnerabilidade social e econ\u00f4mica. T\u00eam direito ao benef\u00edcio:<\/p>\n\n\n\n<p><strong>Fam\u00edlias em pobreza ou extrema pobreza:<\/strong><\/p>\n\n\n\n<ul class=\"wp-block-list\">\n<li>Extrema pobreza: renda mensal de at\u00e9 R$ 218 por pessoa.<\/li>\n\n\n\n<li>Pobreza: renda mensal entre R$ 218,01 e R$ 660 por pessoa, desde que haja gestantes, nutrizes (m\u00e3es que amamentam), crian\u00e7as ou adolescentes de at\u00e9 17 anos na composi\u00e7\u00e3o familiar.<\/li>\n<\/ul>\n\n\n\n<p><strong>Requisitos adicionais:<\/strong><\/p>\n\n\n\n<ul class=\"wp-block-list\">\n<li>Estar inscrito no Cadastro \u00danico (Cad\u00danico) e com os dados atualizados.<\/li>\n<\/ul>\n\n\n\n<p><strong>Cumprir condicionalidades, como:<\/strong><\/p>\n\n\n\n<ul class=\"wp-block-list\">\n<li>Manter crian\u00e7as e adolescentes frequentando a escola.<\/li>\n\n\n\n<li>Acompanhar o calend\u00e1rio de vacina\u00e7\u00e3o.<\/li>\n\n\n\n<li>Realizar o pr\u00e9-natal no caso de gestantes.<\/li>\n<\/ul>\n\n\n\n<p><\/p>\n","protected":false},"excerpt":{"rendered":"<p>Com a bagagem de quem participou de seis das nove elei\u00e7\u00f5es presidenciais diretas desde a redemocratiza\u00e7\u00e3o, Lula recorre a uma de suas estrat\u00e9gias mais recorrentes para impulsionar a candidatura \u00e0 reelei\u00e7\u00e3o: utilizar a m\u00e1quina p\u00fablica e divulgar medidas de apelo popular. A mais relevante delas est\u00e1 ligada ao Bolsa Fam\u00edlia, programa j\u00e1 tradicional em sua [&hellip;]<\/p>\n","protected":false},"author":4,"featured_media":1133,"comment_status":"open","ping_status":"open","sticky":false,"template":"","format":"standard","meta":{"jnews-multi-image_gallery":[],"jnews_single_post":{"format":"standard"},"jnews_primary_category":[],"jnews_social_meta":[],"jnews_post_split":[],"footnotes":""},"categories":[1],"tags":[],"class_list":["post-4331","post","type-post","status-publish","format-standard","has-post-thumbnail","hentry","category-uncategorized"],"_links":{"self":[{"href":"https:\/\/diariodepernambuco.audiencelabs.com.br\/wp-json\/wp\/v2\/posts\/4331","targetHints":{"allow":["GET"]}}],"collection":[{"href":"https:\/\/diariodepernambuco.audiencelabs.com.br\/wp-json\/wp\/v2\/posts"}],"about":[{"href":"https:\/\/diariodepernambuco.audiencelabs.com.br\/wp-json\/wp\/v2\/types\/post"}],"author":[{"embeddable":true,"href":"https:\/\/diariodepernambuco.audiencelabs.com.br\/wp-json\/wp\/v2\/users\/4"}],"replies":[{"embeddable":true,"href":"https:\/\/diariodepernambuco.audiencelabs.com.br\/wp-json\/wp\/v2\/comments?post=4331"}],"version-history":[{"count":2,"href":"https:\/\/diariodepernambuco.audiencelabs.com.br\/wp-json\/wp\/v2\/posts\/4331\/revisions"}],"predecessor-version":[{"id":4334,"href":"https:\/\/diariodepernambuco.audiencelabs.com.br\/wp-json\/wp\/v2\/posts\/4331\/revisions\/4334"}],"wp:featuredmedia":[{"embeddable":true,"href":"https:\/\/diariodepernambuco.audiencelabs.com.br\/wp-json\/wp\/v2\/media\/1133"}],"wp:attachment":[{"href":"https:\/\/diariodepernambuco.audiencelabs.com.br\/wp-json\/wp\/v2\/media?parent=4331"}],"wp:term":[{"taxonomy":"category","embeddable":true,"href":"https:\/\/diariodepernambuco.audiencelabs.com.br\/wp-json\/wp\/v2\/categories?post=4331"},{"taxonomy":"post_tag","embeddable":true,"href":"https:\/\/diariodepernambuco.audiencelabs.com.br\/wp-json\/wp\/v2\/tags?post=4331"}],"curies":[{"name":"wp","href":"https:\/\/api.w.org\/{rel}","templated":true}]}}