{"id":4335,"date":"2025-09-24T09:00:33","date_gmt":"2025-09-24T12:00:33","guid":{"rendered":"https:\/\/diariodepernambuco.audiencelabs.com.br\/?p=4335"},"modified":"2025-09-23T09:08:29","modified_gmt":"2025-09-23T12:08:29","slug":"brasileiros-recebem-melhor-noticia-de-setembro-r-12-bilhoes-do-governo","status":"publish","type":"post","link":"https:\/\/diariodepernambuco.audiencelabs.com.br\/brasileiros-recebem-melhor-noticia-de-setembro-r-12-bilhoes-do-governo\/","title":{"rendered":"Brasileiros recebem melhor not\u00edcia de setembro: R$ 12 bilh\u00f5es do Governo"},"content":{"rendered":"\n<p>Foi publicada no Di\u00e1rio Oficial da Uni\u00e3o (DOU) da \u00faltima segunda-feira (22) a Resolu\u00e7\u00e3o CMN n\u00ba 5.247, que institui uma linha de cr\u00e9dito rural destinada \u00e0 quita\u00e7\u00e3o ou amortiza\u00e7\u00e3o de d\u00edvidas de produtores afetados por eventos clim\u00e1ticos adversos.<\/p>\n\n\n\n<p>A medida tem como base a Medida Provis\u00f3ria n\u00ba 1.316, que libera cr\u00e9dito extraordin\u00e1rio de R$ 12 bilh\u00f5es, e ser\u00e1 implementada com recursos supervisionados pelo Minist\u00e9rio da Fazenda (MF). O objetivo \u00e9 possibilitar a liquida\u00e7\u00e3o ou a redu\u00e7\u00e3o de parcelas de financiamentos de custeio e investimento no setor rural.<\/p>\n\n\n\n<p>Nesse grupo est\u00e3o contempladas as opera\u00e7\u00f5es que j\u00e1 passaram por renegocia\u00e7\u00e3o ou prorroga\u00e7\u00e3o, firmadas no \u00e2mbito do Programa Nacional de Fortalecimento da Agricultura Familiar (Pronaf), do Programa Nacional de Apoio ao M\u00e9dio Produtor Rural (Pronamp), al\u00e9m de contratos de outros produtores rurais e de C\u00e9dulas de Produto Rural (CPRs).<\/p>\n\n\n\n<p>\u201cEsse \u00e9 um desdobramento da MP assinada pelo presidente Lula, que disponibiliza R$ 12 bilh\u00f5es para renegocia\u00e7\u00e3o de d\u00edvidas. S\u00e3o as regras para os produtores, que est\u00e3o endividados. \u00c9 um al\u00edvio \u00e0s fam\u00edlias do campo que sofreram com perdas por causa do clima. \u00c9 uma nova oportunidade com prazos estendidos e condi\u00e7\u00f5es especiais para os produtores\u201d, disse o ministro Carlos F\u00e1varo.<\/p>\n\n\n\n<p>Os limites de cr\u00e9dito estabelecidos s\u00e3o de at\u00e9 R$ 250 mil para benefici\u00e1rios do Pronaf, at\u00e9 R$ 1,5 milh\u00e3o para os do Pronamp e at\u00e9 R$ 3 milh\u00f5es para os demais produtores rurais. No caso de cooperativas de produ\u00e7\u00e3o agropecu\u00e1ria, o valor pode chegar a R$ 50 milh\u00f5es, enquanto para associa\u00e7\u00f5es e condom\u00ednios de produtores rurais o teto ser\u00e1 de at\u00e9 R$ 10 milh\u00f5es.<\/p>\n\n\n\n<h2 class=\"wp-block-heading\">Quem pode acessar o novo benef\u00edcio do Governo?<\/h2>\n\n\n\n<p>Podem acessar a linha de cr\u00e9dito produtores rurais e cooperativas de produ\u00e7\u00e3o agropecu\u00e1ria que tenham tido decretado estado de calamidade p\u00fablica ou situa\u00e7\u00e3o de emerg\u00eancia em pelo menos dois anos entre 1\u00ba de janeiro de 2020 e 31 de dezembro de 2024, em raz\u00e3o de enxurradas, alagamentos, inunda\u00e7\u00f5es ou outras calamidades.<\/p>\n\n\n\n<p>O prazo para contratar a linha de cr\u00e9dito vai at\u00e9 10 de fevereiro de 2026, e o pagamento poder\u00e1 ser feito em at\u00e9 nove anos, incluindo at\u00e9 um ano de car\u00eancia, conforme a capacidade de quita\u00e7\u00e3o do mutu\u00e1rio.<\/p>\n\n\n\n<p><\/p>\n","protected":false},"excerpt":{"rendered":"<p>Foi publicada no Di\u00e1rio Oficial da Uni\u00e3o (DOU) da \u00faltima segunda-feira (22) a Resolu\u00e7\u00e3o CMN n\u00ba 5.247, que institui uma linha de cr\u00e9dito rural destinada \u00e0 quita\u00e7\u00e3o ou amortiza\u00e7\u00e3o de d\u00edvidas de produtores afetados por eventos clim\u00e1ticos adversos. A medida tem como base a Medida Provis\u00f3ria n\u00ba 1.316, que libera cr\u00e9dito extraordin\u00e1rio de R$ 12 [&hellip;]<\/p>\n","protected":false},"author":4,"featured_media":2129,"comment_status":"open","ping_status":"open","sticky":false,"template":"","format":"standard","meta":{"jnews-multi-image_gallery":[],"jnews_single_post":{"format":"standard"},"jnews_primary_category":[],"jnews_social_meta":[],"jnews_post_split":[],"footnotes":""},"categories":[1],"tags":[],"class_list":["post-4335","post","type-post","status-publish","format-standard","has-post-thumbnail","hentry","category-uncategorized"],"_links":{"self":[{"href":"https:\/\/diariodepernambuco.audiencelabs.com.br\/wp-json\/wp\/v2\/posts\/4335","targetHints":{"allow":["GET"]}}],"collection":[{"href":"https:\/\/diariodepernambuco.audiencelabs.com.br\/wp-json\/wp\/v2\/posts"}],"about":[{"href":"https:\/\/diariodepernambuco.audiencelabs.com.br\/wp-json\/wp\/v2\/types\/post"}],"author":[{"embeddable":true,"href":"https:\/\/diariodepernambuco.audiencelabs.com.br\/wp-json\/wp\/v2\/users\/4"}],"replies":[{"embeddable":true,"href":"https:\/\/diariodepernambuco.audiencelabs.com.br\/wp-json\/wp\/v2\/comments?post=4335"}],"version-history":[{"count":2,"href":"https:\/\/diariodepernambuco.audiencelabs.com.br\/wp-json\/wp\/v2\/posts\/4335\/revisions"}],"predecessor-version":[{"id":4337,"href":"https:\/\/diariodepernambuco.audiencelabs.com.br\/wp-json\/wp\/v2\/posts\/4335\/revisions\/4337"}],"wp:featuredmedia":[{"embeddable":true,"href":"https:\/\/diariodepernambuco.audiencelabs.com.br\/wp-json\/wp\/v2\/media\/2129"}],"wp:attachment":[{"href":"https:\/\/diariodepernambuco.audiencelabs.com.br\/wp-json\/wp\/v2\/media?parent=4335"}],"wp:term":[{"taxonomy":"category","embeddable":true,"href":"https:\/\/diariodepernambuco.audiencelabs.com.br\/wp-json\/wp\/v2\/categories?post=4335"},{"taxonomy":"post_tag","embeddable":true,"href":"https:\/\/diariodepernambuco.audiencelabs.com.br\/wp-json\/wp\/v2\/tags?post=4335"}],"curies":[{"name":"wp","href":"https:\/\/api.w.org\/{rel}","templated":true}]}}