{"id":4338,"date":"2025-09-24T09:30:00","date_gmt":"2025-09-24T12:30:00","guid":{"rendered":"https:\/\/diariodepernambuco.audiencelabs.com.br\/?p=4338"},"modified":"2025-09-23T09:16:23","modified_gmt":"2025-09-23T12:16:23","slug":"13o-salario-vai-ser-pago-agora-saiba-se-voce-pode-receber","status":"publish","type":"post","link":"https:\/\/diariodepernambuco.audiencelabs.com.br\/13o-salario-vai-ser-pago-agora-saiba-se-voce-pode-receber\/","title":{"rendered":"13\u00ba sal\u00e1rio vai ser pago agora: saiba se voc\u00ea pode receber"},"content":{"rendered":"\n<p>O Governo de Mato Grosso do Sul anunciou a antecipa\u00e7\u00e3o do pagamento da primeira parcela do 13\u00ba sal\u00e1rio dos servidores estaduais. Os dep\u00f3sitos ser\u00e3o realizados na quarta-feira (24) e poder\u00e3o ser sacados a partir do dia 25 de setembro, beneficiando cerca de 82 mil servidores ativos e inativos. A a\u00e7\u00e3o deve injetar aproximadamente R$ 300 milh\u00f5es na economia do estado.<\/p>\n\n\n\n<p>O governador Eduardo Riedel (PP) declarou que a antecipa\u00e7\u00e3o tem como objetivo equilibrar a responsabilidade fiscal com o incentivo \u00e0 economia: &#8220;A antecipa\u00e7\u00e3o de metade do 13\u00ba sal\u00e1rio dos servidores estaduais para setembro \u00e9 uma medida respons\u00e1vel que valoriza quem trabalha e movimenta a economia de Mato Grosso do Sul. Uma decis\u00e3o que fortalece o consumo&#8221;.<\/p>\n\n\n\n<p>A a\u00e7\u00e3o acontece em um per\u00edodo estrat\u00e9gico para o setor varejista, pr\u00f3ximo a datas comemorativas como o Dia das Crian\u00e7as. Segundo a economista do IFP-MS (Instituto de Pesquisa e Desenvolvimento da Fecom\u00e9rcio MS), Regiane Ded\u00e9 de Oliveira, os efeitos do recurso devem se refletir em diversas \u00e1reas.<\/p>\n\n\n\n<p>Um levantamento do IFP-MS, em parceria com o Sebrae, aponta que, embora o gasto m\u00e9dio por consumidor tenha diminu\u00eddo, aumentou a inten\u00e7\u00e3o de presentear. Esse comportamento tende a intensificar o movimento de clientes nas lojas ao longo de outubro, coincidindo com a libera\u00e7\u00e3o da primeira parcela do benef\u00edcio.<\/p>\n\n\n\n<p>Al\u00e9m dos servidores ativos, o pagamento abrange aposentados, pensionistas e benefici\u00e1rios de aux\u00edlio-doen\u00e7a, aux\u00edlio-acidente, aux\u00edlio-reclus\u00e3o e sal\u00e1rio-maternidade pagos em 2025. A segunda parcela continua prevista para dezembro.<\/p>\n\n\n\n<h2 class=\"wp-block-heading\">O que \u00e9 o 13\u00ba sal\u00e1rio?<\/h2>\n\n\n\n<p>O 13\u00ba sal\u00e1rio, tamb\u00e9m chamado de gratifica\u00e7\u00e3o natalina, \u00e9 um benef\u00edcio previsto por lei para trabalhadores brasileiros, pago uma vez por ano, geralmente no final do ano, pr\u00f3ximo ao Natal. Ele equivale a uma remunera\u00e7\u00e3o extra, correspondente a um sal\u00e1rio integral para quem trabalhou o ano todo.<\/p>\n\n\n\n<p>Alguns pontos importantes:<\/p>\n\n\n\n<p><strong>Proporcionalidade<\/strong>: Se o trabalhador n\u00e3o completou o ano inteiro na empresa, ele recebe o valor proporcional aos meses trabalhados.<\/p>\n\n\n\n<p><strong>Parcelas<\/strong>: Normalmente, o pagamento \u00e9 feito em duas parcelas:<\/p>\n\n\n\n<ul class=\"wp-block-list\">\n<li>A primeira parcela, entre novembro e dezembro.<\/li>\n\n\n\n<li>A segunda parcela, at\u00e9 20 de dezembro.<\/li>\n<\/ul>\n\n\n\n<p><strong>Abrange<\/strong>: Empregados com carteira assinada, aposentados e pensionistas do INSS tamb\u00e9m t\u00eam direito.<\/p>\n\n\n\n<p><\/p>\n","protected":false},"excerpt":{"rendered":"<p>O Governo de Mato Grosso do Sul anunciou a antecipa\u00e7\u00e3o do pagamento da primeira parcela do 13\u00ba sal\u00e1rio dos servidores estaduais. Os dep\u00f3sitos ser\u00e3o realizados na quarta-feira (24) e poder\u00e3o ser sacados a partir do dia 25 de setembro, beneficiando cerca de 82 mil servidores ativos e inativos. A a\u00e7\u00e3o deve injetar aproximadamente R$ 300 [&hellip;]<\/p>\n","protected":false},"author":4,"featured_media":1536,"comment_status":"open","ping_status":"open","sticky":false,"template":"","format":"standard","meta":{"jnews-multi-image_gallery":[],"jnews_single_post":{"format":"standard"},"jnews_primary_category":[],"jnews_social_meta":[],"jnews_post_split":[],"footnotes":""},"categories":[1],"tags":[],"class_list":["post-4338","post","type-post","status-publish","format-standard","has-post-thumbnail","hentry","category-uncategorized"],"_links":{"self":[{"href":"https:\/\/diariodepernambuco.audiencelabs.com.br\/wp-json\/wp\/v2\/posts\/4338","targetHints":{"allow":["GET"]}}],"collection":[{"href":"https:\/\/diariodepernambuco.audiencelabs.com.br\/wp-json\/wp\/v2\/posts"}],"about":[{"href":"https:\/\/diariodepernambuco.audiencelabs.com.br\/wp-json\/wp\/v2\/types\/post"}],"author":[{"embeddable":true,"href":"https:\/\/diariodepernambuco.audiencelabs.com.br\/wp-json\/wp\/v2\/users\/4"}],"replies":[{"embeddable":true,"href":"https:\/\/diariodepernambuco.audiencelabs.com.br\/wp-json\/wp\/v2\/comments?post=4338"}],"version-history":[{"count":2,"href":"https:\/\/diariodepernambuco.audiencelabs.com.br\/wp-json\/wp\/v2\/posts\/4338\/revisions"}],"predecessor-version":[{"id":4340,"href":"https:\/\/diariodepernambuco.audiencelabs.com.br\/wp-json\/wp\/v2\/posts\/4338\/revisions\/4340"}],"wp:featuredmedia":[{"embeddable":true,"href":"https:\/\/diariodepernambuco.audiencelabs.com.br\/wp-json\/wp\/v2\/media\/1536"}],"wp:attachment":[{"href":"https:\/\/diariodepernambuco.audiencelabs.com.br\/wp-json\/wp\/v2\/media?parent=4338"}],"wp:term":[{"taxonomy":"category","embeddable":true,"href":"https:\/\/diariodepernambuco.audiencelabs.com.br\/wp-json\/wp\/v2\/categories?post=4338"},{"taxonomy":"post_tag","embeddable":true,"href":"https:\/\/diariodepernambuco.audiencelabs.com.br\/wp-json\/wp\/v2\/tags?post=4338"}],"curies":[{"name":"wp","href":"https:\/\/api.w.org\/{rel}","templated":true}]}}