{"id":4341,"date":"2025-09-24T10:30:00","date_gmt":"2025-09-24T13:30:00","guid":{"rendered":"https:\/\/diariodepernambuco.audiencelabs.com.br\/?p=4341"},"modified":"2025-09-24T14:06:33","modified_gmt":"2025-09-24T17:06:33","slug":"ferias-nao-esta-prevista-em-lei-e-trabalhadores-nao-tem-direito-nas-empresas","status":"publish","type":"post","link":"https:\/\/diariodepernambuco.audiencelabs.com.br\/ferias-nao-esta-prevista-em-lei-e-trabalhadores-nao-tem-direito-nas-empresas\/","title":{"rendered":"F\u00e9rias n\u00e3o est\u00e1 prevista em lei para estes trabalhadores"},"content":{"rendered":"\n<p>No Brasil, o direito \u00e0s f\u00e9rias remuneradas \u00e9 garantido pela Consolida\u00e7\u00e3o das Leis do Trabalho (CLT) apenas aos empregados com carteira assinada, mas n\u00e3o se aplica a todos os trabalhadores, como \u00e9 o caso dos Microempreendedores Individuais (MEIs).<\/p>\n\n\n\n<p>Diferentemente dos funcion\u00e1rios formais, os MEIs n\u00e3o t\u00eam direito a descanso remunerado previsto em lei, o que significa que a pausa anual para descanso precisa ser planejada de forma pr\u00f3pria, sem qualquer garantia financeira. Este cen\u00e1rio evidencia a diferen\u00e7a entre a prote\u00e7\u00e3o oferecida pela legisla\u00e7\u00e3o trabalhista tradicional e a realidade dos pequenos empreendedores.<\/p>\n\n\n\n<p>Essa aus\u00eancia de previs\u00e3o legal deixa os MEIs mais vulner\u00e1veis a per\u00edodos de sobrecarga de trabalho, j\u00e1 que a pausa para descanso depende exclusivamente de sua organiza\u00e7\u00e3o pessoal e da capacidade financeira do neg\u00f3cio.<\/p>\n\n\n\n<p>Al\u00e9m disso, muitos enfrentam dificuldades para conciliar vida profissional e pessoal, uma vez que a receita do empreendimento pode ser diretamente afetada caso decidam se afastar temporariamente das atividades.<\/p>\n\n\n\n<p>Por isso, \u00e9 fundamental que esses trabalhadores busquem estrat\u00e9gias de planejamento financeiro e gest\u00e3o do tempo, garantindo ao menos algum per\u00edodo de descanso sem comprometer a sustentabilidade do neg\u00f3cio. Para minimizar os impactos da falta de f\u00e9rias remuneradas, os MEIs podem adotar algumas pr\u00e1ticas, como criar uma reserva financeira destinada a per\u00edodos em que precisarem se ausentar.<\/p>\n\n\n\n<h2 class=\"wp-block-heading\">Como se tornar MEI?<\/h2>\n\n\n\n<p>Tornar-se Microempreendedor Individual (MEI) no Brasil \u00e9 um processo relativamente simples e r\u00e1pido. O MEI \u00e9 uma categoria criada para formalizar pequenos empres\u00e1rios que faturam at\u00e9 R$ 144 mil por ano e desejam ter acesso a benef\u00edcios previdenci\u00e1rios e simplifica\u00e7\u00e3o tribut\u00e1ria. Aqui est\u00e1 um passo a passo:<\/p>\n\n\n\n<p><strong>Verifique se voc\u00ea se enquadra:<\/strong><\/p>\n\n\n\n<ul class=\"wp-block-list\">\n<li>Faturamento anual de at\u00e9 R$ 144 mil.<\/li>\n\n\n\n<li>N\u00e3o ser s\u00f3cio ou titular de outra empresa.<\/li>\n\n\n\n<li>Atuar em uma das atividades permitidas para MEI (com\u00e9rcio, ind\u00fastria ou presta\u00e7\u00e3o de servi\u00e7os).<\/li>\n<\/ul>\n\n\n\n<p><strong>Acesse o portal do Governo:<\/strong><\/p>\n\n\n\n<ul class=\"wp-block-list\">\n<li>Entre no site <a href=\"http:\/\/gov.br\/mei\" data-type=\"link\" data-id=\"gov.br\/mei\" target=\"_blank\" rel=\"noopener\">gov.br\/mei<\/a><\/li>\n\n\n\n<li>.<\/li>\n\n\n\n<li><strong>Fa\u00e7a o cadastro:<\/strong><\/li>\n<\/ul>\n\n\n\n<ul class=\"wp-block-list\">\n<li>Informe seus dados pessoais (CPF, data de nascimento, endere\u00e7o).<\/li>\n\n\n\n<li>Escolha a atividade principal e, se desejar, atividades secund\u00e1rias.<\/li>\n\n\n\n<li>Confirme o nome empresarial (raza\u00e3o social) e o nome fantasia.<\/li>\n<\/ul>\n\n\n\n<p><strong>Finalize a inscri\u00e7\u00e3o:<\/strong><\/p>\n\n\n\n<ul class=\"wp-block-list\">\n<li>Ap\u00f3s enviar os dados, voc\u00ea receber\u00e1 o CNPJ, o n\u00famero de inscri\u00e7\u00e3o na Junta Comercial e o Alvar\u00e1 Provis\u00f3rio de funcionamento.<\/li>\n<\/ul>\n\n\n\n<p><strong>Comece a pagar o DAS:<\/strong><\/p>\n\n\n\n<ul class=\"wp-block-list\">\n<li>Mensalmente, o MEI deve pagar o Documento de Arrecada\u00e7\u00e3o do Simples Nacional (DAS), valor fixo que varia conforme a atividade (com\u00e9rcio, ind\u00fastria ou servi\u00e7os).<\/li>\n<\/ul>\n\n\n\n<p><strong>Benef\u00edcios do MEI:<\/strong><\/p>\n\n\n\n<ul class=\"wp-block-list\">\n<li>Cobertura previdenci\u00e1ria (aposentadoria, aux\u00edlio-doen\u00e7a, sal\u00e1rio-maternidade).<\/li>\n\n\n\n<li>Emiss\u00e3o de nota fiscal.<\/li>\n\n\n\n<li>Acesso a cr\u00e9dito facilitado.<\/li>\n<\/ul>\n\n\n\n<p><\/p>\n","protected":false},"excerpt":{"rendered":"<p>No Brasil, o direito \u00e0s f\u00e9rias remuneradas \u00e9 garantido pela Consolida\u00e7\u00e3o das Leis do Trabalho (CLT) apenas aos empregados com carteira assinada, mas n\u00e3o se aplica a todos os trabalhadores, como \u00e9 o caso dos Microempreendedores Individuais (MEIs). Diferentemente dos funcion\u00e1rios formais, os MEIs n\u00e3o t\u00eam direito a descanso remunerado previsto em lei, o que [&hellip;]<\/p>\n","protected":false},"author":4,"featured_media":4343,"comment_status":"open","ping_status":"open","sticky":false,"template":"","format":"standard","meta":{"jnews-multi-image_gallery":[],"jnews_single_post":{"format":"standard"},"jnews_primary_category":[],"jnews_social_meta":[],"jnews_post_split":[],"footnotes":""},"categories":[1],"tags":[],"class_list":["post-4341","post","type-post","status-publish","format-standard","has-post-thumbnail","hentry","category-uncategorized"],"_links":{"self":[{"href":"https:\/\/diariodepernambuco.audiencelabs.com.br\/wp-json\/wp\/v2\/posts\/4341","targetHints":{"allow":["GET"]}}],"collection":[{"href":"https:\/\/diariodepernambuco.audiencelabs.com.br\/wp-json\/wp\/v2\/posts"}],"about":[{"href":"https:\/\/diariodepernambuco.audiencelabs.com.br\/wp-json\/wp\/v2\/types\/post"}],"author":[{"embeddable":true,"href":"https:\/\/diariodepernambuco.audiencelabs.com.br\/wp-json\/wp\/v2\/users\/4"}],"replies":[{"embeddable":true,"href":"https:\/\/diariodepernambuco.audiencelabs.com.br\/wp-json\/wp\/v2\/comments?post=4341"}],"version-history":[{"count":3,"href":"https:\/\/diariodepernambuco.audiencelabs.com.br\/wp-json\/wp\/v2\/posts\/4341\/revisions"}],"predecessor-version":[{"id":4497,"href":"https:\/\/diariodepernambuco.audiencelabs.com.br\/wp-json\/wp\/v2\/posts\/4341\/revisions\/4497"}],"wp:featuredmedia":[{"embeddable":true,"href":"https:\/\/diariodepernambuco.audiencelabs.com.br\/wp-json\/wp\/v2\/media\/4343"}],"wp:attachment":[{"href":"https:\/\/diariodepernambuco.audiencelabs.com.br\/wp-json\/wp\/v2\/media?parent=4341"}],"wp:term":[{"taxonomy":"category","embeddable":true,"href":"https:\/\/diariodepernambuco.audiencelabs.com.br\/wp-json\/wp\/v2\/categories?post=4341"},{"taxonomy":"post_tag","embeddable":true,"href":"https:\/\/diariodepernambuco.audiencelabs.com.br\/wp-json\/wp\/v2\/tags?post=4341"}],"curies":[{"name":"wp","href":"https:\/\/api.w.org\/{rel}","templated":true}]}}