{"id":4346,"date":"2025-09-24T11:30:00","date_gmt":"2025-09-24T14:30:00","guid":{"rendered":"https:\/\/diariodepernambuco.audiencelabs.com.br\/?p=4346"},"modified":"2025-09-24T14:07:30","modified_gmt":"2025-09-24T17:07:30","slug":"servidores-receberam-antecipacao-dos-pagamentos-quando-cai-na-conta","status":"publish","type":"post","link":"https:\/\/diariodepernambuco.audiencelabs.com.br\/servidores-receberam-antecipacao-dos-pagamentos-quando-cai-na-conta\/","title":{"rendered":"Servidores v\u00e3o receber antecipa\u00e7\u00e3o dos pagamentos: quando cai na conta?"},"content":{"rendered":"\n<p>O governo do Acre anunciou a antecipa\u00e7\u00e3o do pagamento da folha salarial de setembro para servidores ativos, aposentados e pensionistas. A medida beneficiar\u00e1 56.262 servidores, entre ativos e inativos, e injetar\u00e1 R$ 425,5 milh\u00f5es na economia do estado.<\/p>\n\n\n\n<p>De acordo com o cronograma divulgado pelas secretarias de Estado de Administra\u00e7\u00e3o (Sead) e da Fazenda (Sefaz), os aposentados e pensionistas receber\u00e3o o cr\u00e9dito em 26 de setembro (sexta-feira). J\u00e1 os servidores ativos ter\u00e3o o pagamento efetuado em 29 de setembro (segunda-feira), com cr\u00e9dito antecipado para 27 de setembro (s\u00e1bado) para aqueles que recebem pelo Banco do Brasil.<\/p>\n\n\n\n<p>O governador Gladson Cameli ressaltou que a antecipa\u00e7\u00e3o reflete o planejamento financeiro e o compromisso da gest\u00e3o atual com os servidores p\u00fablicos: &#8220;Estamos honrando nossos compromissos e garantindo que os servidores recebam seus sal\u00e1rios de forma antecipada. Essa medida refor\u00e7a nosso compromisso com a valoriza\u00e7\u00e3o do funcionalismo e contribui para movimentar a economia&#8221;.<\/p>\n\n\n\n<p>A antecipa\u00e7\u00e3o dos sal\u00e1rios refor\u00e7a o compromisso do governo com a valoriza\u00e7\u00e3o do funcionalismo p\u00fablico e o fortalecimento da economia local. Os contracheques poder\u00e3o ser acessados na v\u00e9spera do pagamento, por meio do site <a href=\"http:\/\/contracheque.ac.gov.br\" data-type=\"link\" data-id=\"contracheque.ac.gov.br\" target=\"_blank\" rel=\"noopener\">contracheque.ac.gov.br<\/a>, do Portal de Servi\u00e7os do Estado do Acre ou do aplicativo MeuAC.<\/p>\n\n\n\n<h2 class=\"wp-block-heading\">Passo a passo para acessar os contracheques<\/h2>\n\n\n\n<p><strong>Pelo portal de contracheques:<\/strong><\/p>\n\n\n\n<ul class=\"wp-block-list\">\n<li>Acesse o site: <a href=\"http:\/\/contracheque.ac.gov.br\" data-type=\"link\" data-id=\"contracheque.ac.gov.br\" target=\"_blank\" rel=\"noopener\">contracheque.ac.gov.br<\/a><\/li>\n\n\n\n<li>Clique na op\u00e7\u00e3o de login.<\/li>\n\n\n\n<li>Informe seu CPF e a senha cadastrada.<\/li>\n\n\n\n<li>Selecione o m\u00eas e ano do contracheque que deseja consultar.<\/li>\n\n\n\n<li>Visualize, fa\u00e7a o download em PDF ou imprima o documento.<\/li>\n<\/ul>\n\n\n\n<p><strong>Pelo aplicativo MeuAC:<\/strong><\/p>\n\n\n\n<ul class=\"wp-block-list\">\n<li>Baixe o aplicativo MeuAC na Google Play ou App Store.<\/li>\n\n\n\n<li>Abra o app e fa\u00e7a o login com CPF e senha.<\/li>\n\n\n\n<li>Navegue at\u00e9 a se\u00e7\u00e3o de contracheques ou folha de pagamento.<\/li>\n\n\n\n<li>Escolha o m\u00eas desejado e visualize o contracheque.<\/li>\n\n\n\n<li>\u00c9 poss\u00edvel baixar ou salvar o documento no celular.<\/li>\n<\/ul>\n\n\n\n<p><\/p>\n","protected":false},"excerpt":{"rendered":"<p>O governo do Acre anunciou a antecipa\u00e7\u00e3o do pagamento da folha salarial de setembro para servidores ativos, aposentados e pensionistas. A medida beneficiar\u00e1 56.262 servidores, entre ativos e inativos, e injetar\u00e1 R$ 425,5 milh\u00f5es na economia do estado. De acordo com o cronograma divulgado pelas secretarias de Estado de Administra\u00e7\u00e3o (Sead) e da Fazenda (Sefaz), [&hellip;]<\/p>\n","protected":false},"author":4,"featured_media":4349,"comment_status":"open","ping_status":"open","sticky":false,"template":"","format":"standard","meta":{"jnews-multi-image_gallery":[],"jnews_single_post":{"format":"standard"},"jnews_primary_category":[],"jnews_social_meta":[],"jnews_post_split":[],"footnotes":""},"categories":[1],"tags":[],"class_list":["post-4346","post","type-post","status-publish","format-standard","has-post-thumbnail","hentry","category-uncategorized"],"_links":{"self":[{"href":"https:\/\/diariodepernambuco.audiencelabs.com.br\/wp-json\/wp\/v2\/posts\/4346","targetHints":{"allow":["GET"]}}],"collection":[{"href":"https:\/\/diariodepernambuco.audiencelabs.com.br\/wp-json\/wp\/v2\/posts"}],"about":[{"href":"https:\/\/diariodepernambuco.audiencelabs.com.br\/wp-json\/wp\/v2\/types\/post"}],"author":[{"embeddable":true,"href":"https:\/\/diariodepernambuco.audiencelabs.com.br\/wp-json\/wp\/v2\/users\/4"}],"replies":[{"embeddable":true,"href":"https:\/\/diariodepernambuco.audiencelabs.com.br\/wp-json\/wp\/v2\/comments?post=4346"}],"version-history":[{"count":3,"href":"https:\/\/diariodepernambuco.audiencelabs.com.br\/wp-json\/wp\/v2\/posts\/4346\/revisions"}],"predecessor-version":[{"id":4499,"href":"https:\/\/diariodepernambuco.audiencelabs.com.br\/wp-json\/wp\/v2\/posts\/4346\/revisions\/4499"}],"wp:featuredmedia":[{"embeddable":true,"href":"https:\/\/diariodepernambuco.audiencelabs.com.br\/wp-json\/wp\/v2\/media\/4349"}],"wp:attachment":[{"href":"https:\/\/diariodepernambuco.audiencelabs.com.br\/wp-json\/wp\/v2\/media?parent=4346"}],"wp:term":[{"taxonomy":"category","embeddable":true,"href":"https:\/\/diariodepernambuco.audiencelabs.com.br\/wp-json\/wp\/v2\/categories?post=4346"},{"taxonomy":"post_tag","embeddable":true,"href":"https:\/\/diariodepernambuco.audiencelabs.com.br\/wp-json\/wp\/v2\/tags?post=4346"}],"curies":[{"name":"wp","href":"https:\/\/api.w.org\/{rel}","templated":true}]}}