{"id":4358,"date":"2025-09-24T13:00:00","date_gmt":"2025-09-24T16:00:00","guid":{"rendered":"https:\/\/diariodepernambuco.audiencelabs.com.br\/?p=4358"},"modified":"2025-09-23T10:36:00","modified_gmt":"2025-09-23T13:36:00","slug":"cidade-escondida-no-nordeste-pode-produzir-armas-nucleares","status":"publish","type":"post","link":"https:\/\/diariodepernambuco.audiencelabs.com.br\/cidade-escondida-no-nordeste-pode-produzir-armas-nucleares\/","title":{"rendered":"Cidade escondida no Nordeste pode produzir armas nucleares?"},"content":{"rendered":"\n<p>No interior da Bahia, a pequena cidade de Caetit\u00e9 abriga a \u00fanica mina de ur\u00e2nio em opera\u00e7\u00e3o no Brasil, despertando aten\u00e7\u00e3o e curiosidade sobre seu potencial estrat\u00e9gico. O mineral extra\u00eddo no local \u00e9 utilizado principalmente para fins civis, mas sua presen\u00e7a levanta questionamentos e especula\u00e7\u00f5es sobre a possibilidade de produ\u00e7\u00e3o de armamento nuclear, tema cercado de sigilo.<\/p>\n\n\n\n<p>Desde o ano 2000, a mina localizada na Bahia tem desempenhado papel crucial no abastecimento de ur\u00e2nio das usinas nucleares Angra 1 e Angra 2, no Rio de Janeiro. Com uma produ\u00e7\u00e3o anual de cerca de 400 toneladas de ur\u00e2nio, a opera\u00e7\u00e3o representa uma contribui\u00e7\u00e3o significativa para o setor energ\u00e9tico do pa\u00eds.<\/p>\n\n\n\n<p>Apesar de sua import\u00e2ncia para a matriz energ\u00e9tica nacional, a mina de Caetit\u00e9 \u00e9 estritamente regulada pelo Comando de Eletr\u00f4nica e pelo Conselho Nacional de Energia Nuclear (CNEN), que supervisionam todas as etapas da extra\u00e7\u00e3o, transporte e armazenamento do ur\u00e2nio.<\/p>\n\n\n\n<p>O material \u00e9 destinado exclusivamente ao programa nuclear civil, sem qualquer uso militar autorizado. No entanto, devido \u00e0 natureza sens\u00edvel do ur\u00e2nio, a cidade e a mina acabam rodeadas de especula\u00e7\u00f5es sobre seguran\u00e7a, controle e poss\u00edveis riscos, alimentando teorias sobre a capacidade do Brasil de desenvolver armamentos nucleares.<\/p>\n\n\n\n<h2 class=\"wp-block-heading\">Curiosidades sobre a mina de ur\u00e2nio em Caetit\u00e9<\/h2>\n\n\n\n<ul class=\"wp-block-list\">\n<li>\u00danica em opera\u00e7\u00e3o no Brasil \u2013 Caetit\u00e9 abriga a \u00fanica mina de ur\u00e2nio em atividade no pa\u00eds, tornando-se estrat\u00e9gica para o abastecimento das usinas nucleares de Angra 1 e Angra 2.<\/li>\n<\/ul>\n\n\n\n<ul class=\"wp-block-list\">\n<li>Produ\u00e7\u00e3o anual \u2013 A mina produz aproximadamente 400 toneladas de ur\u00e2nio por ano, suficiente para abastecer parte do programa nuclear civil brasileiro.<\/li>\n<\/ul>\n\n\n\n<ul class=\"wp-block-list\">\n<li>Funcionamento desde 2000 \u2013 A mina come\u00e7ou a operar oficialmente no ano 2000, ap\u00f3s anos de planejamento e estudos geol\u00f3gicos.<\/li>\n<\/ul>\n\n\n\n<ul class=\"wp-block-list\">\n<li>Destino do ur\u00e2nio \u2013 Todo o ur\u00e2nio extra\u00eddo \u00e9 destinado a fins civis, principalmente a gera\u00e7\u00e3o de energia nuclear, e n\u00e3o h\u00e1 uso militar autorizado.<\/li>\n<\/ul>\n\n\n\n<ul class=\"wp-block-list\">\n<li>Regula\u00e7\u00e3o rigorosa \u2013 O local \u00e9 supervisionado pelo Comando de Eletr\u00f4nica e pelo Conselho Nacional de Energia Nuclear (CNEN), garantindo seguran\u00e7a, transporte controlado e armazenamento seguro do material radioativo.<\/li>\n<\/ul>\n\n\n\n<ul class=\"wp-block-list\">\n<li>Impactos ambientais e sociais \u2013 A minera\u00e7\u00e3o de ur\u00e2nio gera preocupa\u00e7\u00e3o na regi\u00e3o por poss\u00edveis efeitos ambientais e na sa\u00fade da popula\u00e7\u00e3o, levando a constantes monitoramentos e debates p\u00fablicos.<\/li>\n<\/ul>\n\n\n\n<ul class=\"wp-block-list\">\n<li>Segredo e sigilo \u2013 Devido \u00e0 natureza sens\u00edvel do ur\u00e2nio, muitas informa\u00e7\u00f5es sobre a mina e suas opera\u00e7\u00f5es s\u00e3o restritas, o que alimenta especula\u00e7\u00f5es sobre seguran\u00e7a e poss\u00edveis usos estrat\u00e9gicos do material.<\/li>\n<\/ul>\n\n\n\n<p><\/p>\n","protected":false},"excerpt":{"rendered":"<p>No interior da Bahia, a pequena cidade de Caetit\u00e9 abriga a \u00fanica mina de ur\u00e2nio em opera\u00e7\u00e3o no Brasil, despertando aten\u00e7\u00e3o e curiosidade sobre seu potencial estrat\u00e9gico. O mineral extra\u00eddo no local \u00e9 utilizado principalmente para fins civis, mas sua presen\u00e7a levanta questionamentos e especula\u00e7\u00f5es sobre a possibilidade de produ\u00e7\u00e3o de armamento nuclear, tema cercado [&hellip;]<\/p>\n","protected":false},"author":4,"featured_media":4365,"comment_status":"open","ping_status":"open","sticky":false,"template":"","format":"standard","meta":{"jnews-multi-image_gallery":[],"jnews_single_post":{"format":"standard"},"jnews_primary_category":[],"jnews_social_meta":[],"jnews_post_split":[],"footnotes":""},"categories":[1],"tags":[],"class_list":["post-4358","post","type-post","status-publish","format-standard","has-post-thumbnail","hentry","category-uncategorized"],"_links":{"self":[{"href":"https:\/\/diariodepernambuco.audiencelabs.com.br\/wp-json\/wp\/v2\/posts\/4358","targetHints":{"allow":["GET"]}}],"collection":[{"href":"https:\/\/diariodepernambuco.audiencelabs.com.br\/wp-json\/wp\/v2\/posts"}],"about":[{"href":"https:\/\/diariodepernambuco.audiencelabs.com.br\/wp-json\/wp\/v2\/types\/post"}],"author":[{"embeddable":true,"href":"https:\/\/diariodepernambuco.audiencelabs.com.br\/wp-json\/wp\/v2\/users\/4"}],"replies":[{"embeddable":true,"href":"https:\/\/diariodepernambuco.audiencelabs.com.br\/wp-json\/wp\/v2\/comments?post=4358"}],"version-history":[{"count":2,"href":"https:\/\/diariodepernambuco.audiencelabs.com.br\/wp-json\/wp\/v2\/posts\/4358\/revisions"}],"predecessor-version":[{"id":4364,"href":"https:\/\/diariodepernambuco.audiencelabs.com.br\/wp-json\/wp\/v2\/posts\/4358\/revisions\/4364"}],"wp:featuredmedia":[{"embeddable":true,"href":"https:\/\/diariodepernambuco.audiencelabs.com.br\/wp-json\/wp\/v2\/media\/4365"}],"wp:attachment":[{"href":"https:\/\/diariodepernambuco.audiencelabs.com.br\/wp-json\/wp\/v2\/media?parent=4358"}],"wp:term":[{"taxonomy":"category","embeddable":true,"href":"https:\/\/diariodepernambuco.audiencelabs.com.br\/wp-json\/wp\/v2\/categories?post=4358"},{"taxonomy":"post_tag","embeddable":true,"href":"https:\/\/diariodepernambuco.audiencelabs.com.br\/wp-json\/wp\/v2\/tags?post=4358"}],"curies":[{"name":"wp","href":"https:\/\/api.w.org\/{rel}","templated":true}]}}