{"id":436,"date":"2025-08-05T20:00:00","date_gmt":"2025-08-05T23:00:00","guid":{"rendered":"https:\/\/diariodepernambuco.audiencelabs.com.br\/?p=436"},"modified":"2025-08-04T16:51:57","modified_gmt":"2025-08-04T19:51:57","slug":"justica-determina-fim-de-cotas-para-transexuais-em-universidade-federal","status":"publish","type":"post","link":"https:\/\/diariodepernambuco.audiencelabs.com.br\/justica-determina-fim-de-cotas-para-transexuais-em-universidade-federal\/","title":{"rendered":"Justi\u00e7a determina fim de cotas para transexuais em universidade federal"},"content":{"rendered":"\n<p>A Justi\u00e7a Federal do Rio Grande do Sul anulou a pol\u00edtica de cotas para pessoas transg\u00eanero institu\u00edda pela Universidade Federal do Rio Grande (FURG). A decis\u00e3o foi proferida no dia 25 de julho pelo juiz federal substituto Gessiel Pinheiro de Paiva, que julgou procedente uma a\u00e7\u00e3o popular.<\/p>\n\n\n\n<p>De acordo com a senten\u00e7a, a cria\u00e7\u00e3o de cotas exclusivas para pessoas trans n\u00e3o encontra respaldo direto na Lei n\u00ba 12.711\/2012, que regula o sistema de cotas nas universidades federais. A decis\u00e3o \u00e9 pass\u00edvel de recurso ao Tribunal Regional Federal da 4\u00aa Regi\u00e3o.<\/p>\n\n\n\n<p>O magistrado reconheceu que as universidades t\u00eam autonomia para tomar decis\u00f5es, mas ressaltou que isso n\u00e3o significa que elas possam criar regras novas sem que exista uma lei que permita isso.<\/p>\n\n\n\n<p>A decis\u00e3o tamb\u00e9m destacou falhas na justificativa apresentada pela FURG para a cria\u00e7\u00e3o das cotas. Segundo o juiz, os dados utilizados eram provenientes de institui\u00e7\u00f5es privadas, sem metodologia comprovada ou valida\u00e7\u00e3o oficial, o que comprometeria a objetividade exigida na elabora\u00e7\u00e3o de pol\u00edticas p\u00fablicas.<\/p>\n\n\n\n<h2 class=\"wp-block-heading\">Como ficam os alunos j\u00e1 matriculados?<\/h2>\n\n\n\n<p>Apesar da anula\u00e7\u00e3o dos editais, os estudantes j\u00e1 matriculados por meio da pol\u00edtica agora invalidada poder\u00e3o concluir as disciplinas em andamento e aproveitar os cr\u00e9ditos cursados em futuros processos seletivos regulares.<\/p>\n\n\n\n<p>Ao todo, 30 vagas foram destinadas a esse p\u00fablico: 10 em 2023, 10 em 2024 e mais 10 em 2025. Em todo o pa\u00eds, outras 17 universidades p\u00fablicas oferecem cotas para transexuais.<\/p>\n\n\n\n<h2 class=\"wp-block-heading\">O que diz a FURG?<\/h2>\n\n\n\n<p><em>&#8220;Nesta quarta-feira, 30, circulou uma informa\u00e7\u00e3o sobre uma decis\u00e3o judicial com rela\u00e7\u00e3o ao processo seletivo espec\u00edfico para pessoas trans da FURG. A Universidade informa que, at\u00e9 o momento, n\u00e3o foi intimada de qualquer decis\u00e3o em rela\u00e7\u00e3o ao tema.<\/em><\/p>\n\n\n\n<p><em>A institui\u00e7\u00e3o reafirma o seu posicionamento em defesa da sua comunidade acad\u00eamica, e em especial a autonomia universit\u00e1ria, preceito que baliza e legitima as delibera\u00e7\u00f5es democr\u00e1ticas aprovadas pelo Conselho Universit\u00e1rio e nas demais esferas deliberativas da institui\u00e7\u00e3o.<\/em><\/p>\n\n\n\n<p><em>A FURG destaca seu compromisso com a democratiza\u00e7\u00e3o do acesso ao ensino superior, e se coloca permanentemente \u00e0 disposi\u00e7\u00e3o da sua comunidade acad\u00eamica, tanto para acolhimento, quanto para a defesa dos seus direitos&#8221;.<\/em><\/p>\n\n\n\n<p><\/p>\n","protected":false},"excerpt":{"rendered":"<p>A Justi\u00e7a Federal do Rio Grande do Sul anulou a pol\u00edtica de cotas para pessoas transg\u00eanero institu\u00edda pela Universidade Federal do Rio Grande (FURG). A decis\u00e3o foi proferida no dia 25 de julho pelo juiz federal substituto Gessiel Pinheiro de Paiva, que julgou procedente uma a\u00e7\u00e3o popular. De acordo com a senten\u00e7a, a cria\u00e7\u00e3o de [&hellip;]<\/p>\n","protected":false},"author":4,"featured_media":438,"comment_status":"open","ping_status":"open","sticky":false,"template":"","format":"standard","meta":{"jnews-multi-image_gallery":[],"jnews_single_post":[],"jnews_primary_category":[],"jnews_social_meta":[],"jnews_post_split":[],"footnotes":""},"categories":[1],"tags":[],"class_list":["post-436","post","type-post","status-publish","format-standard","has-post-thumbnail","hentry","category-uncategorized"],"_links":{"self":[{"href":"https:\/\/diariodepernambuco.audiencelabs.com.br\/wp-json\/wp\/v2\/posts\/436","targetHints":{"allow":["GET"]}}],"collection":[{"href":"https:\/\/diariodepernambuco.audiencelabs.com.br\/wp-json\/wp\/v2\/posts"}],"about":[{"href":"https:\/\/diariodepernambuco.audiencelabs.com.br\/wp-json\/wp\/v2\/types\/post"}],"author":[{"embeddable":true,"href":"https:\/\/diariodepernambuco.audiencelabs.com.br\/wp-json\/wp\/v2\/users\/4"}],"replies":[{"embeddable":true,"href":"https:\/\/diariodepernambuco.audiencelabs.com.br\/wp-json\/wp\/v2\/comments?post=436"}],"version-history":[{"count":2,"href":"https:\/\/diariodepernambuco.audiencelabs.com.br\/wp-json\/wp\/v2\/posts\/436\/revisions"}],"predecessor-version":[{"id":439,"href":"https:\/\/diariodepernambuco.audiencelabs.com.br\/wp-json\/wp\/v2\/posts\/436\/revisions\/439"}],"wp:featuredmedia":[{"embeddable":true,"href":"https:\/\/diariodepernambuco.audiencelabs.com.br\/wp-json\/wp\/v2\/media\/438"}],"wp:attachment":[{"href":"https:\/\/diariodepernambuco.audiencelabs.com.br\/wp-json\/wp\/v2\/media?parent=436"}],"wp:term":[{"taxonomy":"category","embeddable":true,"href":"https:\/\/diariodepernambuco.audiencelabs.com.br\/wp-json\/wp\/v2\/categories?post=436"},{"taxonomy":"post_tag","embeddable":true,"href":"https:\/\/diariodepernambuco.audiencelabs.com.br\/wp-json\/wp\/v2\/tags?post=436"}],"curies":[{"name":"wp","href":"https:\/\/api.w.org\/{rel}","templated":true}]}}