{"id":4367,"date":"2025-09-24T14:00:00","date_gmt":"2025-09-24T17:00:00","guid":{"rendered":"https:\/\/diariodepernambuco.audiencelabs.com.br\/?p=4367"},"modified":"2025-09-23T10:40:08","modified_gmt":"2025-09-23T13:40:08","slug":"feriado-confirmado-brasileiros-precisam-trabalhar-essa-semana","status":"publish","type":"post","link":"https:\/\/diariodepernambuco.audiencelabs.com.br\/feriado-confirmado-brasileiros-precisam-trabalhar-essa-semana\/","title":{"rendered":"Feriado confirmado? Brasileiros precisam trabalhar essa semana?"},"content":{"rendered":"\n<p>O Feriaday, iniciativa criada pela Buser para estimular os brasileiros a viajarem no dia 25 de setembro, ganhou refor\u00e7o de peso. As marcas Decolar, Xeque Mate e Accor se juntaram \u00e0 mobitech para ampliar os benef\u00edcios da a\u00e7\u00e3o, oferecendo descontos e experi\u00eancias exclusivas que cobrem toda a jornada de viagem, desde a escolha do destino at\u00e9 hospedagem e lazer no local.<\/p>\n\n\n\n<p>Inicialmente, a Buser lan\u00e7ou a campanha com at\u00e9 50% de desconto em viagens realizadas exclusivamente no dia 25 de setembro. Com a ades\u00e3o desses parceiros estrat\u00e9gicos, o Feriaday se consolida como um movimento coletivo, criado para contornar a aus\u00eancia de feriados prolongados at\u00e9 novembro e estimular o turismo em um per\u00edodo tradicionalmente de baixa demanda.<\/p>\n\n\n\n<p>Gerente de marketing da Buser, Luiza Guimar\u00e3es disse: &#8220;Nosso objetivo \u00e9 que o Feriaday v\u00e1 al\u00e9m da mobilidade e incentive toda a experi\u00eancia de viagem \u2013 da escolha do destino at\u00e9 o momento no local. Essas parcerias refor\u00e7am o compromisso da Buser em democratizar o acesso ao turismo e criar oportunidades reais para que mais pessoas possam viajar&#8221;.<\/p>\n\n\n\n<p>Al\u00e9m de Decolar, Xeque-Mate e Accor, outras marcas tamb\u00e9m se juntaram ao movimento, incluindo Bagaggio, Burger King, Outlet Premium S\u00e3o Paulo (em Itupeva), Shopee e Hostel A Coroa, refor\u00e7ando a proposta de transformar setembro em um verdadeiro \u201cferiad\u00e3o\u201d.<\/p>\n\n\n\n<h2 class=\"wp-block-heading\">Veja as novas ofertas do &#8220;Feriaday&#8221;<\/h2>\n\n\n\n<ul class=\"wp-block-list\">\n<li>Decolar: hospedagens e atividades com at\u00e9 40% de desconto entre os dias 25 e 28 de setembro, em destinos no Brasil e no exterior;<\/li>\n<\/ul>\n\n\n\n<ul class=\"wp-block-list\">\n<li>Xeque Mate: desconto de 10% nas bebidas compradas pelo e-commerce e blitz especial com distribui\u00e7\u00e3o de suas latas nos principais pontos de embarque da Buser em Belo Horizonte, S\u00e3o Paulo e Rio de Janeiro no dia 26 de setembro, a sexta \u201cenforcada\u201d;<\/li>\n<\/ul>\n\n\n\n<ul class=\"wp-block-list\">\n<li>Accor: at\u00e9 17% de desconto em reservas em toda a rede Accor de hot\u00e9is, inclusive fora do Brasil, feitas durante o per\u00edodo da campanha, por meio de link exclusivo.<\/li>\n<\/ul>\n\n\n\n<p><\/p>\n","protected":false},"excerpt":{"rendered":"<p>O Feriaday, iniciativa criada pela Buser para estimular os brasileiros a viajarem no dia 25 de setembro, ganhou refor\u00e7o de peso. As marcas Decolar, Xeque Mate e Accor se juntaram \u00e0 mobitech para ampliar os benef\u00edcios da a\u00e7\u00e3o, oferecendo descontos e experi\u00eancias exclusivas que cobrem toda a jornada de viagem, desde a escolha do destino [&hellip;]<\/p>\n","protected":false},"author":4,"featured_media":2244,"comment_status":"open","ping_status":"open","sticky":false,"template":"","format":"standard","meta":{"jnews-multi-image_gallery":[],"jnews_single_post":[],"jnews_primary_category":[],"jnews_social_meta":[],"jnews_post_split":[],"footnotes":""},"categories":[1],"tags":[],"class_list":["post-4367","post","type-post","status-publish","format-standard","has-post-thumbnail","hentry","category-uncategorized"],"_links":{"self":[{"href":"https:\/\/diariodepernambuco.audiencelabs.com.br\/wp-json\/wp\/v2\/posts\/4367","targetHints":{"allow":["GET"]}}],"collection":[{"href":"https:\/\/diariodepernambuco.audiencelabs.com.br\/wp-json\/wp\/v2\/posts"}],"about":[{"href":"https:\/\/diariodepernambuco.audiencelabs.com.br\/wp-json\/wp\/v2\/types\/post"}],"author":[{"embeddable":true,"href":"https:\/\/diariodepernambuco.audiencelabs.com.br\/wp-json\/wp\/v2\/users\/4"}],"replies":[{"embeddable":true,"href":"https:\/\/diariodepernambuco.audiencelabs.com.br\/wp-json\/wp\/v2\/comments?post=4367"}],"version-history":[{"count":3,"href":"https:\/\/diariodepernambuco.audiencelabs.com.br\/wp-json\/wp\/v2\/posts\/4367\/revisions"}],"predecessor-version":[{"id":4370,"href":"https:\/\/diariodepernambuco.audiencelabs.com.br\/wp-json\/wp\/v2\/posts\/4367\/revisions\/4370"}],"wp:featuredmedia":[{"embeddable":true,"href":"https:\/\/diariodepernambuco.audiencelabs.com.br\/wp-json\/wp\/v2\/media\/2244"}],"wp:attachment":[{"href":"https:\/\/diariodepernambuco.audiencelabs.com.br\/wp-json\/wp\/v2\/media?parent=4367"}],"wp:term":[{"taxonomy":"category","embeddable":true,"href":"https:\/\/diariodepernambuco.audiencelabs.com.br\/wp-json\/wp\/v2\/categories?post=4367"},{"taxonomy":"post_tag","embeddable":true,"href":"https:\/\/diariodepernambuco.audiencelabs.com.br\/wp-json\/wp\/v2\/tags?post=4367"}],"curies":[{"name":"wp","href":"https:\/\/api.w.org\/{rel}","templated":true}]}}