{"id":4384,"date":"2025-09-24T15:30:00","date_gmt":"2025-09-24T18:30:00","guid":{"rendered":"https:\/\/diariodepernambuco.audiencelabs.com.br\/?p=4384"},"modified":"2025-09-23T12:22:18","modified_gmt":"2025-09-23T15:22:18","slug":"concurso-do-banco-do-brasil-oferece-salarios-de-r-7-mil","status":"publish","type":"post","link":"https:\/\/diariodepernambuco.audiencelabs.com.br\/concurso-do-banco-do-brasil-oferece-salarios-de-r-7-mil\/","title":{"rendered":"Concurso do Banco do Brasil oferece rendimentos de R$ 7 mil"},"content":{"rendered":"\n<p>O Banco do Brasil deve anunciar, em breve, a realiza\u00e7\u00e3o de um novo concurso p\u00fablico em 2025, voltado para candidatos com ensino m\u00e9dio completo. A sele\u00e7\u00e3o oferecer\u00e1 vagas para o cargo de Escritur\u00e1rio, com atua\u00e7\u00e3o como Agente Comercial e Agente de Tecnologia. O sal\u00e1rio inicial \u00e9 de cerca de R$ 3,9 mil, podendo ultrapassar R$ 7 mil mensais quando somados os benef\u00edcios.<\/p>\n\n\n\n<p>A medida ocorre em um contexto de forte necessidade de reposi\u00e7\u00e3o de pessoal, j\u00e1 que o banco conta atualmente com cerca de 7,8 mil vagas em aberto. Al\u00e9m disso, a validade do \u00faltimo concurso expirou em julho de 2025, aumentando a urg\u00eancia para refor\u00e7ar o quadro de funcion\u00e1rios.<\/p>\n\n\n\n<p>O \u00faltimo concurso do Banco do Brasil ocorreu em 2023, sob organiza\u00e7\u00e3o da Funda\u00e7\u00e3o Cesgranrio. Todas as convoca\u00e7\u00f5es, incluindo os candidatos que estavam no cadastro de reserva, j\u00e1 foram conclu\u00eddas, abrindo caminho para a prepara\u00e7\u00e3o de um novo edital.<\/p>\n\n\n\n<p>Outro fator que aumenta as expectativas \u00e9 o contrato vigente entre o Banco do Brasil e a Cesgranrio, v\u00e1lido at\u00e9 dezembro de 2025, permitindo que a mesma banca realize novamente o certame sem a necessidade de contratar outra institui\u00e7\u00e3o.<\/p>\n\n\n\n<p>Com o t\u00e9rmino da validade do concurso de 2023, o banco iniciou procedimentos internos de remo\u00e7\u00e3o de empregados, pr\u00e1tica comum antes da publica\u00e7\u00e3o de novos editais, refor\u00e7ando os ind\u00edcios de que a sele\u00e7\u00e3o deve ser anunciada oficialmente em breve.<\/p>\n\n\n\n<h2 class=\"wp-block-heading\">Os benef\u00edcios oferecidos pelo Banco do Brasil<\/h2>\n\n\n\n<ul class=\"wp-block-list\">\n<li>Aux\u00edlio-refei\u00e7\u00e3o: R$ 1.110,12 por m\u00eas<\/li>\n\n\n\n<li>Aux\u00edlio-alimenta\u00e7\u00e3o: R$ 874,78 por m\u00eas<\/li>\n\n\n\n<li>Vale-cultura: R$ 50,00 por m\u00eas<\/li>\n\n\n\n<li>Aux\u00edlio-creche: R$ 659,67 por m\u00eas<\/li>\n\n\n\n<li>Plano de sa\u00fade e odontol\u00f3gico<\/li>\n\n\n\n<li>Previd\u00eancia complementar<\/li>\n\n\n\n<li>Participa\u00e7\u00e3o nos lucros e resultados (PLR)<\/li>\n\n\n\n<li>Jornada de 6 horas di\u00e1rias<\/li>\n<\/ul>\n\n\n\n<p><\/p>\n","protected":false},"excerpt":{"rendered":"<p>O Banco do Brasil deve anunciar, em breve, a realiza\u00e7\u00e3o de um novo concurso p\u00fablico em 2025, voltado para candidatos com ensino m\u00e9dio completo. A sele\u00e7\u00e3o oferecer\u00e1 vagas para o cargo de Escritur\u00e1rio, com atua\u00e7\u00e3o como Agente Comercial e Agente de Tecnologia. O sal\u00e1rio inicial \u00e9 de cerca de R$ 3,9 mil, podendo ultrapassar R$ [&hellip;]<\/p>\n","protected":false},"author":4,"featured_media":4387,"comment_status":"open","ping_status":"open","sticky":false,"template":"","format":"standard","meta":{"jnews-multi-image_gallery":[],"jnews_single_post":{"format":"standard"},"jnews_primary_category":[],"jnews_social_meta":[],"jnews_post_split":[],"footnotes":""},"categories":[1],"tags":[],"class_list":["post-4384","post","type-post","status-publish","format-standard","has-post-thumbnail","hentry","category-uncategorized"],"_links":{"self":[{"href":"https:\/\/diariodepernambuco.audiencelabs.com.br\/wp-json\/wp\/v2\/posts\/4384","targetHints":{"allow":["GET"]}}],"collection":[{"href":"https:\/\/diariodepernambuco.audiencelabs.com.br\/wp-json\/wp\/v2\/posts"}],"about":[{"href":"https:\/\/diariodepernambuco.audiencelabs.com.br\/wp-json\/wp\/v2\/types\/post"}],"author":[{"embeddable":true,"href":"https:\/\/diariodepernambuco.audiencelabs.com.br\/wp-json\/wp\/v2\/users\/4"}],"replies":[{"embeddable":true,"href":"https:\/\/diariodepernambuco.audiencelabs.com.br\/wp-json\/wp\/v2\/comments?post=4384"}],"version-history":[{"count":2,"href":"https:\/\/diariodepernambuco.audiencelabs.com.br\/wp-json\/wp\/v2\/posts\/4384\/revisions"}],"predecessor-version":[{"id":4389,"href":"https:\/\/diariodepernambuco.audiencelabs.com.br\/wp-json\/wp\/v2\/posts\/4384\/revisions\/4389"}],"wp:featuredmedia":[{"embeddable":true,"href":"https:\/\/diariodepernambuco.audiencelabs.com.br\/wp-json\/wp\/v2\/media\/4387"}],"wp:attachment":[{"href":"https:\/\/diariodepernambuco.audiencelabs.com.br\/wp-json\/wp\/v2\/media?parent=4384"}],"wp:term":[{"taxonomy":"category","embeddable":true,"href":"https:\/\/diariodepernambuco.audiencelabs.com.br\/wp-json\/wp\/v2\/categories?post=4384"},{"taxonomy":"post_tag","embeddable":true,"href":"https:\/\/diariodepernambuco.audiencelabs.com.br\/wp-json\/wp\/v2\/tags?post=4384"}],"curies":[{"name":"wp","href":"https:\/\/api.w.org\/{rel}","templated":true}]}}