{"id":4395,"date":"2025-09-24T17:30:00","date_gmt":"2025-09-24T20:30:00","guid":{"rendered":"https:\/\/diariodepernambuco.audiencelabs.com.br\/?p=4395"},"modified":"2025-09-23T14:13:09","modified_gmt":"2025-09-23T17:13:09","slug":"lula-e-trump-se-abracaram-e-agora-definem-futuro-do-brasil-com-os-eua","status":"publish","type":"post","link":"https:\/\/diariodepernambuco.audiencelabs.com.br\/lula-e-trump-se-abracaram-e-agora-definem-futuro-do-brasil-com-os-eua\/","title":{"rendered":"Lula e Trump se abra\u00e7aram e agora definem futuro do Brasil com os EUA"},"content":{"rendered":"\n<p>O presidente dos Estados Unidos, Donald Trump, afirmou nesta ter\u00e7a-feira (23), durante seu discurso na Assembleia Geral da ONU, que se encontrar\u00e1 na pr\u00f3xima semana com o presidente Luiz In\u00e1cio Lula da Silva para discutir as retalia\u00e7\u00f5es impostas pelos EUA ao Brasil em raz\u00e3o do julgamento do ex-presidente Jair Bolsonaro.<\/p>\n\n\n\n<p>No discurso \u2014 em que tamb\u00e9m elogiou seu pr\u00f3prio governo e criticou a ONU \u2014, Trump afirmou ter tido &#8220;uma qu\u00edmica excelente&#8221; com o presidente brasileiro, descrevendo Lula como &#8220;um cara muito agrad\u00e1vel&#8221;. Ele acrescentou que ambos se abra\u00e7aram. Fontes do governo brasileiro confirmaram o encontro entre os dois l\u00edderes.<\/p>\n\n\n\n<p>&#8220;Eu estava entrando no plen\u00e1rio e o l\u00edder do Brasil estava saindo. Eu o vi e nos abra\u00e7amos. Na verdade, concordamos que nos encontrar\u00edamos na semana que vem&#8221;, disse Trump. &#8220;N\u00e3o tivemos muito tempo para conversar, tipo uns 20 segundos (\u2026). Mas ele pareceu um homem muito legal. Ele gostou de mim, e eu gostei dele&#8221;, disse Trump.<\/p>\n\n\n<div class=\"wp-block-image\">\n<figure class=\"aligncenter size-full is-resized\"><img loading=\"lazy\" decoding=\"async\" width=\"984\" height=\"656\" src=\"https:\/\/diariodepernambuco.audiencelabs.com.br\/wp-content\/uploads\/2025\/09\/Lula.avif\" alt=\"\" class=\"wp-image-4409\" style=\"width:770px;height:auto\" srcset=\"https:\/\/diariodepernambuco.audiencelabs.com.br\/wp-content\/uploads\/2025\/09\/Lula.avif 984w, https:\/\/diariodepernambuco.audiencelabs.com.br\/wp-content\/uploads\/2025\/09\/Lula-300x200.avif 300w, https:\/\/diariodepernambuco.audiencelabs.com.br\/wp-content\/uploads\/2025\/09\/Lula-768x512.avif 768w, https:\/\/diariodepernambuco.audiencelabs.com.br\/wp-content\/uploads\/2025\/09\/Lula-750x500.avif 750w\" sizes=\"auto, (max-width: 984px) 100vw, 984px\" \/><figcaption class=\"wp-element-caption\">Lula discursa na ONU \u2014 Foto: Mike Seggar\/Reuters<\/figcaption><\/figure>\n<\/div>\n\n\n<p>Ainda n\u00e3o h\u00e1 confirma\u00e7\u00e3o se a conversa ocorrer\u00e1 presencialmente ou por telefone. A declara\u00e7\u00e3o contrasta com a rela\u00e7\u00e3o tensa entre Estados Unidos e Brasil desde julho, quando Trump anunciou tarifas de 50% sobre produtos brasileiros em retalia\u00e7\u00e3o ao julgamento do ex-presidente Jair Bolsonaro.<\/p>\n\n\n\n<p>No discurso desta ter\u00e7a-feira, o presidente norte-americano voltou a criticar indiretamente o processo, afirmando que h\u00e1 &#8220;censura, repress\u00e3o, corrup\u00e7\u00e3o judicial e persegui\u00e7\u00e3o a cr\u00edticos pol\u00edticos&#8221; no Brasil. A reuni\u00e3o com Lula marcar\u00e1 o primeiro contato direto entre os dois l\u00edderes desde o in\u00edcio da crise das tarifas, embora Trump j\u00e1 tivesse indicado anteriormente sua disposi\u00e7\u00e3o em se encontrar com o presidente brasileiro.<\/p>\n\n\n\n<p><\/p>\n","protected":false},"excerpt":{"rendered":"<p>O presidente dos Estados Unidos, Donald Trump, afirmou nesta ter\u00e7a-feira (23), durante seu discurso na Assembleia Geral da ONU, que se encontrar\u00e1 na pr\u00f3xima semana com o presidente Luiz In\u00e1cio Lula da Silva para discutir as retalia\u00e7\u00f5es impostas pelos EUA ao Brasil em raz\u00e3o do julgamento do ex-presidente Jair Bolsonaro. No discurso \u2014 em que [&hellip;]<\/p>\n","protected":false},"author":4,"featured_media":4398,"comment_status":"open","ping_status":"open","sticky":false,"template":"","format":"standard","meta":{"jnews-multi-image_gallery":[],"jnews_single_post":{"format":"standard"},"jnews_primary_category":[],"jnews_social_meta":[],"jnews_post_split":[],"footnotes":""},"categories":[1],"tags":[],"class_list":["post-4395","post","type-post","status-publish","format-standard","has-post-thumbnail","hentry","category-uncategorized"],"_links":{"self":[{"href":"https:\/\/diariodepernambuco.audiencelabs.com.br\/wp-json\/wp\/v2\/posts\/4395","targetHints":{"allow":["GET"]}}],"collection":[{"href":"https:\/\/diariodepernambuco.audiencelabs.com.br\/wp-json\/wp\/v2\/posts"}],"about":[{"href":"https:\/\/diariodepernambuco.audiencelabs.com.br\/wp-json\/wp\/v2\/types\/post"}],"author":[{"embeddable":true,"href":"https:\/\/diariodepernambuco.audiencelabs.com.br\/wp-json\/wp\/v2\/users\/4"}],"replies":[{"embeddable":true,"href":"https:\/\/diariodepernambuco.audiencelabs.com.br\/wp-json\/wp\/v2\/comments?post=4395"}],"version-history":[{"count":3,"href":"https:\/\/diariodepernambuco.audiencelabs.com.br\/wp-json\/wp\/v2\/posts\/4395\/revisions"}],"predecessor-version":[{"id":4410,"href":"https:\/\/diariodepernambuco.audiencelabs.com.br\/wp-json\/wp\/v2\/posts\/4395\/revisions\/4410"}],"wp:featuredmedia":[{"embeddable":true,"href":"https:\/\/diariodepernambuco.audiencelabs.com.br\/wp-json\/wp\/v2\/media\/4398"}],"wp:attachment":[{"href":"https:\/\/diariodepernambuco.audiencelabs.com.br\/wp-json\/wp\/v2\/media?parent=4395"}],"wp:term":[{"taxonomy":"category","embeddable":true,"href":"https:\/\/diariodepernambuco.audiencelabs.com.br\/wp-json\/wp\/v2\/categories?post=4395"},{"taxonomy":"post_tag","embeddable":true,"href":"https:\/\/diariodepernambuco.audiencelabs.com.br\/wp-json\/wp\/v2\/tags?post=4395"}],"curies":[{"name":"wp","href":"https:\/\/api.w.org\/{rel}","templated":true}]}}